{"id":5577,"date":"2017-10-06T16:53:53","date_gmt":"2017-10-06T14:53:53","guid":{"rendered":"https:\/\/lanieri.com\/blog\/?p=5577"},"modified":"2021-03-14T20:39:12","modified_gmt":"2021-03-14T19:39:12","slug":"storia-italiana-la-vespa","status":"publish","type":"post","link":"https:\/\/blog.lanieri.com\/it\/storia-italiana-la-vespa\/","title":{"rendered":"Una storia italiana: la Vespa"},"content":{"rendered":"<p>Mettiamocelo in testa: la maggior parte delle icone (di stile) pi\u00f9 riuscite, sono nate quasi per caso o quanto meno con pochissime pretese. Anche la storia del due ruote pi\u00f9 amato nel mondo conferma questa teoria. Nata come espediente temporaneo, <strong>la Vespa \u00e8 subito diventata un successo globale che ha cambiato lo stile di vita di milioni di persone<\/strong>, conquistando celebrit\u00e0 e set cinematografici dagli anni \u201850 a oggi. Un\u2019icona senza tempo che ha attraversato la storia dell\u2019Italia e che <strong>rappresenta tuttora il meglio del Made in Italy<\/strong>.<\/p>\n<h2>All\u2019origine della Piaggio<\/h2>\n<figure id=\"attachment_5588\" class=\"thumbnail wp-caption aligncenter\" style=\"width: 650px\"><a href=\"https:\/\/blog.lanieri.com\/wp-content\/uploads\/2017\/10\/Sede-Fabbrica-Piaggio.jpg\"><img decoding=\"async\" loading=\"lazy\" class=\"wp-image-5588 size-full\" src=\"https:\/\/blog.lanieri.com\/wp-content\/uploads\/2017\/10\/Sede-Fabbrica-Piaggio.jpg\" alt=\"Sede Fabbrica Piaggio\" width=\"640\" height=\"427\" \/><\/a><figcaption class=\"caption wp-caption-text\">Sede fabbrica Piaggio a Finale Ligure<\/figcaption><\/figure>\n<p>Fondata a Genova nel 1884 da Rinaldo Piaggio, all\u2019epoca ventenne,<strong> la societ\u00e0 Piaggio si dedicava alla costruzione di arredamenti navali e alla realizzazione di carrozze, vagoni ferroviari<\/strong>, <strong>motori e tram<\/strong>. Con l\u2019inizio della prima guerra mondiale, Piaggio entr\u00f2 nel settore aeronautico e inizi\u00f2 cos\u00ec la produzione di idrovolanti e aeroplani. Negli anni precedenti alla Seconda Guerra Mondiale, e durante il conflitto, Piaggio era uno dei maggiori produttori italiani di aerei e proprio per questo gli stabilimenti di Genova, Finale Ligure e Pontedera rappresentavano un obiettivo militare strategico e vennero distrutti.<\/p>\n<h2>Un&#8217;invenzione di largo consumo<\/h2>\n<figure id=\"attachment_5590\" class=\"thumbnail wp-caption aligncenter\" style=\"width: 650px\"><a href=\"https:\/\/blog.lanieri.com\/wp-content\/uploads\/2017\/10\/La-vespa-modello-paperino.jpg\"><img decoding=\"async\" loading=\"lazy\" class=\"wp-image-5590 size-full\" src=\"https:\/\/blog.lanieri.com\/wp-content\/uploads\/2017\/10\/La-vespa-modello-paperino.jpg\" alt=\"Prototipo vespa modello paperino\" width=\"640\" height=\"427\" \/><\/a><figcaption class=\"caption wp-caption-text\">Primo prototipo della Vespa &#8220;MP5 Paperino&#8221;<\/figcaption><\/figure>\n<p>Immediatamente dopo la guerra Enrico e Armando, i figli di Rinaldo, si occuparono del nuovo avvio della produzione industriale. A Enrico spett\u00f2 la ricostruzione del grande stabilimento a Pontedera e dovette quindi occuparsi di <strong>trovare una sorta di \u201ctampone\u201d produttivo che permettesse all&#8217;azienda di superare il difficile dopoguerra<\/strong>, per riprendere in seguito la tradizionale costruzione aeronautica. Enrico opt\u00f2 per una riconversione industriale, puntando sulla mobilit\u00e0 del singolo cittadino: era deciso a <strong>creare un prodotto di largo consumo e a basso costo<\/strong>.<\/p>\n<p>Detto, fatto. <strong>Nella fabbrica di Biella venne realizzato un prototipo<\/strong> ispirato alle motociclette per i paracadutisti che prese il nome di \u201c<strong>MP5 Paperino<\/strong>\u201d a causa della forma strana. Il prototipo non soddisf\u00f2 affatto Enrico, che incaric\u00f2 subito <strong>Corradino D\u2019Ascanio<\/strong> (1891-1981), l\u2019ingegnere aeronautico che ide\u00f2 il primo modello di elicottero, di <strong>rivedere il progetto in toto<\/strong>.<\/p>\n<p>L\u2019ingegnere non si era mai occupato di progettare motociclette, non le amava e di certo non amava questa in particolare: secondo lui era scomoda, ingombrante, con gomme difficili da cambiare e sporcava troppo il conducente. Un buon inizio insomma, no? In verit\u00e0 s\u00ec, perch\u00e9 <strong>il suo disamore per le due ruote fu proprio la chiave del suo successo<\/strong>. Durante la realizzazione D\u2019Ascanio si preoccup\u00f2 di disegnare un mezzo per coloro che non erano mai saliti prima su una motocicletta e che odiavano guidarla a causa delle difficolt\u00e0. Con l\u2019aiuto di Mario D\u2019Este, suo disegnatore di fiducia, l\u2019ingegnere mise subito a punto la sua idea e <strong>il primo progetto della Vespa venne prodotto a Pontedera nell\u2019aprile del 1946<\/strong>.<\/p>\n<h2>La nascita della Vespa<\/h2>\n<figure id=\"attachment_5591\" class=\"thumbnail wp-caption aligncenter\" style=\"width: 650px\"><a href=\"https:\/\/blog.lanieri.com\/wp-content\/uploads\/2017\/10\/Campagna-pubblicitaria-Vespa.jpg\"><img decoding=\"async\" loading=\"lazy\" class=\"size-full wp-image-5591\" src=\"https:\/\/blog.lanieri.com\/wp-content\/uploads\/2017\/10\/Campagna-pubblicitaria-Vespa.jpg\" alt=\"Campagna vespa piaggio 1968\" width=\"640\" height=\"427\" \/><\/a><figcaption class=\"caption wp-caption-text\">1968 campagna pubblicitaria Piaggio &#8220;Chi Vespa mangia le mele&#8221;.<\/figcaption><\/figure>\n<p>La Piaggio deposit\u00f2 il brevetto per \u201cmotocicletta a complesso razionale di organi ed elementi con telaio combinato con parafanghi e cofano ricoprenti tutta la parte meccanica\u201d, <strong>Enrico Piaggio diede il via alla produzione in serie di 2.000 esemplari della prima Vespa 98 cc.<\/strong> e Corradino D\u2019Ascanio la present\u00f2 al Golf Club di Roma. Allora non potevano saperlo ma quel veicolo sarebbe diventato uno dei simboli del design Made in Italy, tanto da essere incluso nelle collezioni permanenti della Triennale Design Museum di Milano e del MoMA di New York.<\/p>\n<p>I primi esemplari vennero venduti attraverso tramite piccoli gruppi di commercianti, con prezzi dalle 55.000 alle 66.000 Lire. A partire dal 1947 le vendite decollarono e per soddisfare le richieste da tutto il mondo la<strong> Piaggio dovette costruire nuovi stabilimenti in 13 Paesi<\/strong>.<\/p>\n<h2>Finalmente il mito<\/h2>\n<p>Con il passare dei suoi settant\u2019anni di storia, la Vespa \u00e8 diventata lo scooter pi\u00f9 famoso e affascinante del mondo, contando <strong>oltre 140 evoluzioni delle varie versioni e pi\u00f9 di 16 milioni di esemplari prodotti<\/strong>. Questo due ruote 100% italiano ha cambiato la vita delle persone e non ha tardato ad affermarsi come icona glamour dello stile anche nel cinema, che ne ha decretato il successo definitivo. Tutti ricordiamo la scena con <strong>Gregory Peck e Audrey Hepburn in sella ad una Vespa bianca nel film del 1953 Vacanze Romane<\/strong>. Questo fu solo il primo film degli oltre 80 che l\u2019hanno vista comparire. Come possiamo non citare Caro diario di Nanni Moretti (1993) che l\u2019ha celebrata di recente, o Alfie (2004) e The Interpreter (2005) se guardiamo al grande cinema americano&#8230;<\/p>\n<p><iframe loading=\"lazy\" title=\"Vacanze Romane - fuga in vespa.avi\" width=\"697\" height=\"523\" src=\"https:\/\/www.youtube.com\/embed\/Nq5HigykHGA?feature=oembed\" frameborder=\"0\" allow=\"accelerometer; autoplay; clipboard-write; encrypted-media; gyroscope; picture-in-picture\" allowfullscreen><\/iframe><\/p>\n<p>La preferita sui set e la pi\u00f9 amata nella vita reale anche dalle celebrit\u00e0. Ecco il nome di qualche star amante della Vespa. Stefano Gabbana, Lapo Elkann, Gwyneth Paltrow e Julia Roberts, Anthony Perkins, Anne Hathaway e Tom Hanks, Ana Ortiz, Owen Wilson, Luca Cordero di Montezemolo, Uma Thurman e Andre Balazs e Zac Efron, ma anche il comico Zach Galifianakis e il rapper Puff Daddy, solo per citarne alcuni.<\/p>\n<h2>Lo sapevi che<\/h2>\n<p>L&#8217;origine del nome &#8220;Vespa&#8221;, divenuto in seguito famoso a livello planetario, rimane incerta. Secondo la versione pi\u00f9 famosa, esso sarebbe nato da un&#8217;esclamazione di <strong>Enrico Piaggio che alla vista del prototipo esclam\u00f2: \u00absembra una vespa!\u00bb<\/strong>, per via del suono del motore e delle forme della carrozzeria mediana, molto stretta.<\/p>\n","protected":false},"excerpt":{"rendered":"<p>L&#8217;origine e l&#8217;evoluzione di un mito italiano che da oltre 70 anni conquista le persone e le celebrit\u00e0 di tutto il mondo.<\/p>\n","protected":false},"author":1,"featured_media":5589,"comment_status":"closed","ping_status":"open","sticky":false,"template":"","format":"standard","meta":{"footnotes":""},"categories":[440],"tags":[],"yoast_head":"<!-- This site is optimized with the Yoast SEO plugin v22.6 - https:\/\/yoast.com\/wordpress\/plugins\/seo\/ -->\n<title>Una storia italiana: la Vespa<\/title>\n<meta name=\"robots\" content=\"index, follow, max-snippet:-1, max-image-preview:large, max-video-preview:-1\" \/>\n<link rel=\"canonical\" href=\"https:\/\/blog.lanieri.com\/it\/storia-italiana-la-vespa\/\" \/>\n<meta property=\"og:locale\" content=\"it_IT\" \/>\n<meta property=\"og:type\" content=\"article\" \/>\n<meta property=\"og:title\" content=\"Una storia italiana: la Vespa\" \/>\n<meta property=\"og:description\" content=\"L&#039;origine e l&#039;evoluzione di un mito italiano che da oltre 70 anni conquista le persone e le celebrit\u00e0 di tutto il mondo.\" \/>\n<meta property=\"og:url\" content=\"https:\/\/blog.lanieri.com\/it\/storia-italiana-la-vespa\/\" \/>\n<meta property=\"og:site_name\" content=\"Lanieri BLOG\" \/>\n<meta property=\"article:publisher\" content=\"https:\/\/www.facebook.com\/LanieriOfficial\/\" \/>\n<meta property=\"article:published_time\" content=\"2017-10-06T14:53:53+00:00\" \/>\n<meta property=\"article:modified_time\" content=\"2021-03-14T19:39:12+00:00\" \/>\n<meta property=\"og:image\" content=\"https:\/\/blog.lanieri.com\/wp-content\/uploads\/2017\/10\/Una-storia-italiana-la-Vespa.jpg\" \/>\n\t<meta property=\"og:image:width\" content=\"893\" \/>\n\t<meta property=\"og:image:height\" content=\"527\" \/>\n\t<meta property=\"og:image:type\" content=\"image\/jpeg\" \/>\n<meta name=\"author\" content=\"Lanieri\" \/>\n<meta name=\"twitter:card\" content=\"summary_large_image\" \/>\n<meta name=\"twitter:creator\" content=\"@LanieriOfficial\" \/>\n<meta name=\"twitter:site\" content=\"@LanieriOfficial\" \/>\n<meta name=\"twitter:label1\" content=\"Scritto da\" \/>\n\t<meta name=\"twitter:data1\" content=\"Lanieri\" \/>\n\t<meta name=\"twitter:label2\" content=\"Tempo di lettura stimato\" \/>\n\t<meta name=\"twitter:data2\" content=\"4 minuti\" \/>\n<script type=\"application\/ld+json\" class=\"yoast-schema-graph\">{\"@context\":\"https:\/\/schema.org\",\"@graph\":[{\"@type\":\"Article\",\"@id\":\"https:\/\/blog.lanieri.com\/it\/storia-italiana-la-vespa\/#article\",\"isPartOf\":{\"@id\":\"https:\/\/blog.lanieri.com\/it\/storia-italiana-la-vespa\/\"},\"author\":{\"name\":\"Lanieri\",\"@id\":\"https:\/\/blog.lanieri.com\/it\/#\/schema\/person\/87e6d8c8328ff7542fa609e45fe7e773\"},\"headline\":\"Una storia italiana: la Vespa\",\"datePublished\":\"2017-10-06T14:53:53+00:00\",\"dateModified\":\"2021-03-14T19:39:12+00:00\",\"mainEntityOfPage\":{\"@id\":\"https:\/\/blog.lanieri.com\/it\/storia-italiana-la-vespa\/\"},\"wordCount\":885,\"publisher\":{\"@id\":\"https:\/\/blog.lanieri.com\/it\/#organization\"},\"image\":{\"@id\":\"https:\/\/blog.lanieri.com\/it\/storia-italiana-la-vespa\/#primaryimage\"},\"thumbnailUrl\":\"https:\/\/blog.lanieri.com\/wp-content\/uploads\/2017\/10\/Una-storia-italiana-la-Vespa.jpg\",\"articleSection\":[\"LIFESTYLE\"],\"inLanguage\":\"it-IT\"},{\"@type\":\"WebPage\",\"@id\":\"https:\/\/blog.lanieri.com\/it\/storia-italiana-la-vespa\/\",\"url\":\"https:\/\/blog.lanieri.com\/it\/storia-italiana-la-vespa\/\",\"name\":\"Una storia italiana: la Vespa\",\"isPartOf\":{\"@id\":\"https:\/\/blog.lanieri.com\/it\/#website\"},\"primaryImageOfPage\":{\"@id\":\"https:\/\/blog.lanieri.com\/it\/storia-italiana-la-vespa\/#primaryimage\"},\"image\":{\"@id\":\"https:\/\/blog.lanieri.com\/it\/storia-italiana-la-vespa\/#primaryimage\"},\"thumbnailUrl\":\"https:\/\/blog.lanieri.com\/wp-content\/uploads\/2017\/10\/Una-storia-italiana-la-Vespa.jpg\",\"datePublished\":\"2017-10-06T14:53:53+00:00\",\"dateModified\":\"2021-03-14T19:39:12+00:00\",\"breadcrumb\":{\"@id\":\"https:\/\/blog.lanieri.com\/it\/storia-italiana-la-vespa\/#breadcrumb\"},\"inLanguage\":\"it-IT\",\"potentialAction\":[{\"@type\":\"ReadAction\",\"target\":[\"https:\/\/blog.lanieri.com\/it\/storia-italiana-la-vespa\/\"]}]},{\"@type\":\"ImageObject\",\"inLanguage\":\"it-IT\",\"@id\":\"https:\/\/blog.lanieri.com\/it\/storia-italiana-la-vespa\/#primaryimage\",\"url\":\"https:\/\/blog.lanieri.com\/wp-content\/uploads\/2017\/10\/Una-storia-italiana-la-Vespa.jpg\",\"contentUrl\":\"https:\/\/blog.lanieri.com\/wp-content\/uploads\/2017\/10\/Una-storia-italiana-la-Vespa.jpg\",\"width\":893,\"height\":527},{\"@type\":\"BreadcrumbList\",\"@id\":\"https:\/\/blog.lanieri.com\/it\/storia-italiana-la-vespa\/#breadcrumb\",\"itemListElement\":[{\"@type\":\"ListItem\",\"position\":1,\"name\":\"Blog\",\"item\":\"https:\/\/blog.lanieri.com\/it\/\"},{\"@type\":\"ListItem\",\"position\":2,\"name\":\"LIFESTYLE\",\"item\":\"https:\/\/blog.lanieri.com\/it\/category\/lifestyle-it\/\"},{\"@type\":\"ListItem\",\"position\":3,\"name\":\"Una storia italiana: la Vespa\"}]},{\"@type\":\"WebSite\",\"@id\":\"https:\/\/blog.lanieri.com\/it\/#website\",\"url\":\"https:\/\/blog.lanieri.com\/it\/\",\"name\":\"Lanieri BLOG\",\"description\":\"Scopri le nuove tendenze dell'uomo moderno: leggi i consigli e le notizie sulla moda maschile e il lifestyle italiano.\",\"publisher\":{\"@id\":\"https:\/\/blog.lanieri.com\/it\/#organization\"},\"potentialAction\":[{\"@type\":\"SearchAction\",\"target\":{\"@type\":\"EntryPoint\",\"urlTemplate\":\"https:\/\/blog.lanieri.com\/it\/?s={search_term_string}\"},\"query-input\":\"required name=search_term_string\"}],\"inLanguage\":\"it-IT\"},{\"@type\":\"Organization\",\"@id\":\"https:\/\/blog.lanieri.com\/it\/#organization\",\"name\":\"Lanieri\",\"url\":\"https:\/\/blog.lanieri.com\/it\/\",\"logo\":{\"@type\":\"ImageObject\",\"inLanguage\":\"it-IT\",\"@id\":\"https:\/\/blog.lanieri.com\/it\/#\/schema\/logo\/image\/\",\"url\":\"https:\/\/i0.wp.com\/www.lanieri.com\/blog\/wp-content\/uploads\/2019\/06\/logo-gmb.jpg?fit=1024%2C1024&ssl=1\",\"contentUrl\":\"https:\/\/i0.wp.com\/www.lanieri.com\/blog\/wp-content\/uploads\/2019\/06\/logo-gmb.jpg?fit=1024%2C1024&ssl=1\",\"width\":1024,\"height\":1024,\"caption\":\"Lanieri\"},\"image\":{\"@id\":\"https:\/\/blog.lanieri.com\/it\/#\/schema\/logo\/image\/\"},\"sameAs\":[\"https:\/\/www.facebook.com\/LanieriOfficial\/\",\"https:\/\/x.com\/LanieriOfficial\",\"https:\/\/www.instagram.com\/lanieriofficial\/\"]},{\"@type\":\"Person\",\"@id\":\"https:\/\/blog.lanieri.com\/it\/#\/schema\/person\/87e6d8c8328ff7542fa609e45fe7e773\",\"name\":\"Lanieri\",\"image\":{\"@type\":\"ImageObject\",\"inLanguage\":\"it-IT\",\"@id\":\"https:\/\/blog.lanieri.com\/it\/#\/schema\/person\/image\/\",\"url\":\"https:\/\/secure.gravatar.com\/avatar\/7975fb55a198178cbd7949984ba76fba?s=96&d=mm&r=g\",\"contentUrl\":\"https:\/\/secure.gravatar.com\/avatar\/7975fb55a198178cbd7949984ba76fba?s=96&d=mm&r=g\",\"caption\":\"Lanieri\"},\"sameAs\":[\"http:\/\/www.lanieri.com\"]}]}<\/script>\n<!-- \/ Yoast SEO plugin. -->","yoast_head_json":{"title":"Una storia italiana: la Vespa","robots":{"index":"index","follow":"follow","max-snippet":"max-snippet:-1","max-image-preview":"max-image-preview:large","max-video-preview":"max-video-preview:-1"},"canonical":"https:\/\/blog.lanieri.com\/it\/storia-italiana-la-vespa\/","og_locale":"it_IT","og_type":"article","og_title":"Una storia italiana: la Vespa","og_description":"L'origine e l'evoluzione di un mito italiano che da oltre 70 anni conquista le persone e le celebrit\u00e0 di tutto il mondo.","og_url":"https:\/\/blog.lanieri.com\/it\/storia-italiana-la-vespa\/","og_site_name":"Lanieri BLOG","article_publisher":"https:\/\/www.facebook.com\/LanieriOfficial\/","article_published_time":"2017-10-06T14:53:53+00:00","article_modified_time":"2021-03-14T19:39:12+00:00","og_image":[{"width":893,"height":527,"url":"https:\/\/blog.lanieri.com\/wp-content\/uploads\/2017\/10\/Una-storia-italiana-la-Vespa.jpg","type":"image\/jpeg"}],"author":"Lanieri","twitter_card":"summary_large_image","twitter_creator":"@LanieriOfficial","twitter_site":"@LanieriOfficial","twitter_misc":{"Scritto da":"Lanieri","Tempo di lettura stimato":"4 minuti"},"schema":{"@context":"https:\/\/schema.org","@graph":[{"@type":"Article","@id":"https:\/\/blog.lanieri.com\/it\/storia-italiana-la-vespa\/#article","isPartOf":{"@id":"https:\/\/blog.lanieri.com\/it\/storia-italiana-la-vespa\/"},"author":{"name":"Lanieri","@id":"https:\/\/blog.lanieri.com\/it\/#\/schema\/person\/87e6d8c8328ff7542fa609e45fe7e773"},"headline":"Una storia italiana: la Vespa","datePublished":"2017-10-06T14:53:53+00:00","dateModified":"2021-03-14T19:39:12+00:00","mainEntityOfPage":{"@id":"https:\/\/blog.lanieri.com\/it\/storia-italiana-la-vespa\/"},"wordCount":885,"publisher":{"@id":"https:\/\/blog.lanieri.com\/it\/#organization"},"image":{"@id":"https:\/\/blog.lanieri.com\/it\/storia-italiana-la-vespa\/#primaryimage"},"thumbnailUrl":"https:\/\/blog.lanieri.com\/wp-content\/uploads\/2017\/10\/Una-storia-italiana-la-Vespa.jpg","articleSection":["LIFESTYLE"],"inLanguage":"it-IT"},{"@type":"WebPage","@id":"https:\/\/blog.lanieri.com\/it\/storia-italiana-la-vespa\/","url":"https:\/\/blog.lanieri.com\/it\/storia-italiana-la-vespa\/","name":"Una storia italiana: la Vespa","isPartOf":{"@id":"https:\/\/blog.lanieri.com\/it\/#website"},"primaryImageOfPage":{"@id":"https:\/\/blog.lanieri.com\/it\/storia-italiana-la-vespa\/#primaryimage"},"image":{"@id":"https:\/\/blog.lanieri.com\/it\/storia-italiana-la-vespa\/#primaryimage"},"thumbnailUrl":"https:\/\/blog.lanieri.com\/wp-content\/uploads\/2017\/10\/Una-storia-italiana-la-Vespa.jpg","datePublished":"2017-10-06T14:53:53+00:00","dateModified":"2021-03-14T19:39:12+00:00","breadcrumb":{"@id":"https:\/\/blog.lanieri.com\/it\/storia-italiana-la-vespa\/#breadcrumb"},"inLanguage":"it-IT","potentialAction":[{"@type":"ReadAction","target":["https:\/\/blog.lanieri.com\/it\/storia-italiana-la-vespa\/"]}]},{"@type":"ImageObject","inLanguage":"it-IT","@id":"https:\/\/blog.lanieri.com\/it\/storia-italiana-la-vespa\/#primaryimage","url":"https:\/\/blog.lanieri.com\/wp-content\/uploads\/2017\/10\/Una-storia-italiana-la-Vespa.jpg","contentUrl":"https:\/\/blog.lanieri.com\/wp-content\/uploads\/2017\/10\/Una-storia-italiana-la-Vespa.jpg","width":893,"height":527},{"@type":"BreadcrumbList","@id":"https:\/\/blog.lanieri.com\/it\/storia-italiana-la-vespa\/#breadcrumb","itemListElement":[{"@type":"ListItem","position":1,"name":"Blog","item":"https:\/\/blog.lanieri.com\/it\/"},{"@type":"ListItem","position":2,"name":"LIFESTYLE","item":"https:\/\/blog.lanieri.com\/it\/category\/lifestyle-it\/"},{"@type":"ListItem","position":3,"name":"Una storia italiana: la Vespa"}]},{"@type":"WebSite","@id":"https:\/\/blog.lanieri.com\/it\/#website","url":"https:\/\/blog.lanieri.com\/it\/","name":"Lanieri BLOG","description":"Scopri le nuove tendenze dell'uomo moderno: leggi i consigli e le notizie sulla moda maschile e il lifestyle italiano.","publisher":{"@id":"https:\/\/blog.lanieri.com\/it\/#organization"},"potentialAction":[{"@type":"SearchAction","target":{"@type":"EntryPoint","urlTemplate":"https:\/\/blog.lanieri.com\/it\/?s={search_term_string}"},"query-input":"required name=search_term_string"}],"inLanguage":"it-IT"},{"@type":"Organization","@id":"https:\/\/blog.lanieri.com\/it\/#organization","name":"Lanieri","url":"https:\/\/blog.lanieri.com\/it\/","logo":{"@type":"ImageObject","inLanguage":"it-IT","@id":"https:\/\/blog.lanieri.com\/it\/#\/schema\/logo\/image\/","url":"https:\/\/i0.wp.com\/www.lanieri.com\/blog\/wp-content\/uploads\/2019\/06\/logo-gmb.jpg?fit=1024%2C1024&ssl=1","contentUrl":"https:\/\/i0.wp.com\/www.lanieri.com\/blog\/wp-content\/uploads\/2019\/06\/logo-gmb.jpg?fit=1024%2C1024&ssl=1","width":1024,"height":1024,"caption":"Lanieri"},"image":{"@id":"https:\/\/blog.lanieri.com\/it\/#\/schema\/logo\/image\/"},"sameAs":["https:\/\/www.facebook.com\/LanieriOfficial\/","https:\/\/x.com\/LanieriOfficial","https:\/\/www.instagram.com\/lanieriofficial\/"]},{"@type":"Person","@id":"https:\/\/blog.lanieri.com\/it\/#\/schema\/person\/87e6d8c8328ff7542fa609e45fe7e773","name":"Lanieri","image":{"@type":"ImageObject","inLanguage":"it-IT","@id":"https:\/\/blog.lanieri.com\/it\/#\/schema\/person\/image\/","url":"https:\/\/secure.gravatar.com\/avatar\/7975fb55a198178cbd7949984ba76fba?s=96&d=mm&r=g","contentUrl":"https:\/\/secure.gravatar.com\/avatar\/7975fb55a198178cbd7949984ba76fba?s=96&d=mm&r=g","caption":"Lanieri"},"sameAs":["http:\/\/www.lanieri.com"]}]}},"_links":{"self":[{"href":"https:\/\/blog.lanieri.com\/it\/wp-json\/wp\/v2\/posts\/5577"}],"collection":[{"href":"https:\/\/blog.lanieri.com\/it\/wp-json\/wp\/v2\/posts"}],"about":[{"href":"https:\/\/blog.lanieri.com\/it\/wp-json\/wp\/v2\/types\/post"}],"author":[{"embeddable":true,"href":"https:\/\/blog.lanieri.com\/it\/wp-json\/wp\/v2\/users\/1"}],"replies":[{"embeddable":true,"href":"https:\/\/blog.lanieri.com\/it\/wp-json\/wp\/v2\/comments?post=5577"}],"version-history":[{"count":5,"href":"https:\/\/blog.lanieri.com\/it\/wp-json\/wp\/v2\/posts\/5577\/revisions"}],"predecessor-version":[{"id":5592,"href":"https:\/\/blog.lanieri.com\/it\/wp-json\/wp\/v2\/posts\/5577\/revisions\/5592"}],"wp:featuredmedia":[{"embeddable":true,"href":"https:\/\/blog.lanieri.com\/it\/wp-json\/wp\/v2\/media\/5589"}],"wp:attachment":[{"href":"https:\/\/blog.lanieri.com\/it\/wp-json\/wp\/v2\/media?parent=5577"}],"wp:term":[{"taxonomy":"category","embeddable":true,"href":"https:\/\/blog.lanieri.com\/it\/wp-json\/wp\/v2\/categories?post=5577"},{"taxonomy":"post_tag","embeddable":true,"href":"https:\/\/blog.lanieri.com\/it\/wp-json\/wp\/v2\/tags?post=5577"}],"curies":[{"name":"wp","href":"https:\/\/api.w.org\/{rel}","templated":true}]}}