{"id":2487,"date":"2019-06-01T10:00:38","date_gmt":"2019-06-01T08:00:38","guid":{"rendered":"https:\/\/lanieri.com\/blog\/it\/?p=2487"},"modified":"2021-06-07T16:29:54","modified_gmt":"2021-06-07T14:29:54","slug":"i-must-have-del-guardaroba-estivo","status":"publish","type":"post","link":"https:\/\/blog.lanieri.com\/it\/i-must-have-del-guardaroba-estivo\/","title":{"rendered":"Abbigliamento estivo da uomo: vestirsi casual chic per l&#8217;ufficio in estate"},"content":{"rendered":"\n<p>Ci siamo passati tutti. Arriva l\u2019apice dell\u2019estate e, mentre tutti quelli che conosci postano foto di bicchieri di mojito su sfondi caraibici, tu sei ancora in ufficio in modalit\u00e0 business.<\/p>\n\n\n\n<p>Se quest\u2019anno tocca proprio a te, eccoti qualche consiglio testato e molto pratico, su cosa indossare a lavoro le prossime settimane per sopravvivere a caldo, afa, aria condizionata e voglia di bermuda.<\/p>\n\n\n\n<!--more-->\n\n\n\n<div id=\"ez-toc-container\" class=\"ez-toc-v2_0_82_2 counter-hierarchy ez-toc-counter ez-toc-custom ez-toc-container-direction\">\n<div class=\"ez-toc-title-container\"><p class=\"ez-toc-title\" style=\"cursor:inherit\">Menu<\/p>\n<\/div><nav><ul class='ez-toc-list ez-toc-list-level-1 ' ><li class='ez-toc-page-1 ez-toc-heading-level-2'><a class=\"ez-toc-link ez-toc-heading-1\" href=\"https:\/\/blog.lanieri.com\/it\/i-must-have-del-guardaroba-estivo\/#come_vestirsi_in_ufficio_destate_7_consigli_pratici\" >Come vestirsi in ufficio d&#8217;estate: 7 consigli pratici<\/a><ul class='ez-toc-list-level-3' ><li class='ez-toc-heading-level-3'><a class=\"ez-toc-link ez-toc-heading-2\" href=\"https:\/\/blog.lanieri.com\/it\/i-must-have-del-guardaroba-estivo\/#fai_il_cambio_di_stagione\" >Fai il cambio di stagione<\/a><\/li><li class='ez-toc-page-1 ez-toc-heading-level-3'><a class=\"ez-toc-link ez-toc-heading-3\" href=\"https:\/\/blog.lanieri.com\/it\/i-must-have-del-guardaroba-estivo\/#controlla_la_costruzione_delle_giacche\" >Controlla la costruzione delle giacche<\/a><\/li><li class='ez-toc-page-1 ez-toc-heading-level-3'><a class=\"ez-toc-link ez-toc-heading-4\" href=\"https:\/\/blog.lanieri.com\/it\/i-must-have-del-guardaroba-estivo\/#impara_a_riconoscere_i_tessuti\" >Impara a riconoscere i tessuti<\/a><\/li><li class='ez-toc-page-1 ez-toc-heading-level-3'><a class=\"ez-toc-link ez-toc-heading-5\" href=\"https:\/\/blog.lanieri.com\/it\/i-must-have-del-guardaroba-estivo\/#non_esagerare_con_la_morbidezza\" >Non esagerare con la morbidezza<\/a><\/li><li class='ez-toc-page-1 ez-toc-heading-level-3'><a class=\"ez-toc-link ez-toc-heading-6\" href=\"https:\/\/blog.lanieri.com\/it\/i-must-have-del-guardaroba-estivo\/#seleziona_gli_accessori_giusti\" >Seleziona gli accessori giusti<\/a><\/li><li class='ez-toc-page-1 ez-toc-heading-level-3'><a class=\"ez-toc-link ez-toc-heading-7\" href=\"https:\/\/blog.lanieri.com\/it\/i-must-have-del-guardaroba-estivo\/#6_evita_di_stare_del_tutto_senza_calze\" >6. Evita di stare (del tutto) senza calze<\/a><\/li><li class='ez-toc-page-1 ez-toc-heading-level-3'><a class=\"ez-toc-link ez-toc-heading-8\" href=\"https:\/\/blog.lanieri.com\/it\/i-must-have-del-guardaroba-estivo\/#7_metti_qualcosa_sotto\" >7. Metti qualcosa sotto<\/a><\/li><\/ul><\/li><li class='ez-toc-page-1 ez-toc-heading-level-2'><a class=\"ez-toc-link ez-toc-heading-9\" href=\"https:\/\/blog.lanieri.com\/it\/i-must-have-del-guardaroba-estivo\/#il_guardaroba_estivo_made_in_lanieri\" >Il guardaroba estivo Made in Lanieri<\/a><ul class='ez-toc-list-level-3' ><li class='ez-toc-heading-level-3'><a class=\"ez-toc-link ez-toc-heading-10\" href=\"https:\/\/blog.lanieri.com\/it\/i-must-have-del-guardaroba-estivo\/#il_blazer_hopsack\" >Il blazer hopsack<\/a><\/li><li class='ez-toc-page-1 ez-toc-heading-level-3'><a class=\"ez-toc-link ez-toc-heading-11\" href=\"https:\/\/blog.lanieri.com\/it\/i-must-have-del-guardaroba-estivo\/#labito_in_lino\" >L\u2019abito in lino<\/a><\/li><li class='ez-toc-page-1 ez-toc-heading-level-3'><a class=\"ez-toc-link ez-toc-heading-12\" href=\"https:\/\/blog.lanieri.com\/it\/i-must-have-del-guardaroba-estivo\/#labito_in_fresco_lana\" >L\u2019abito in fresco lana<\/a><\/li><li class='ez-toc-page-1 ez-toc-heading-level-3'><a class=\"ez-toc-link ez-toc-heading-13\" href=\"https:\/\/blog.lanieri.com\/it\/i-must-have-del-guardaroba-estivo\/#la_camicia_in_lino\" >La camicia in lino<\/a><\/li><li class='ez-toc-page-1 ez-toc-heading-level-3'><a class=\"ez-toc-link ez-toc-heading-14\" href=\"https:\/\/blog.lanieri.com\/it\/i-must-have-del-guardaroba-estivo\/#la_giacca_in_cotone\" >La giacca in cotone<\/a><\/li><li class='ez-toc-page-1 ez-toc-heading-level-3'><a class=\"ez-toc-link ez-toc-heading-15\" href=\"https:\/\/blog.lanieri.com\/it\/i-must-have-del-guardaroba-estivo\/#labito_solaro\" >L\u2019abito solaro<\/a><\/li><\/ul><\/li><\/ul><\/nav><\/div>\n\n\n\n\n<h2 class=\"wp-block-heading\"><span class=\"ez-toc-section\" id=\"come_vestirsi_in_ufficio_destate_7_consigli_pratici\"><\/span>Come vestirsi in ufficio d&#8217;estate: 7 consigli pratici<span class=\"ez-toc-section-end\"><\/span><\/h2>\n\n\n\n<h3 class=\"wp-block-heading\"><span class=\"ez-toc-section\" id=\"fai_il_cambio_di_stagione\"><\/span>Fai il cambio di stagione<span class=\"ez-toc-section-end\"><\/span><\/h3>\n\n\n\n<p>Se dove lavori hai un dress code specifico per <strong><a href=\"https:\/\/blog.lanieri.com\/it\/in-ufficio-con-stile-5-days-look\/\">l\u2019abbigliamento da ufficio<\/a><\/strong>, \u00e8 anche probabile che tu possa godere dei vantaggi dell\u2019aria condizionata, giusto? Che ci sia un clima polare (cosa molto frequente) o meno, questo non significa che ti convenga lavorare con addosso lo stesso abito che hai portato per tutto l\u2019autunno.<\/p>\n\n\n\n<p>Prima di tutto perch\u00e9 avrai la pausa pranzo e il viaggio casa-lavoro da affrontare, e con addosso un due pezzi spigato da 280 gr., vogliamo proprio vederti&#8230; Secondo perch\u00e9 il cambio di armadio permetter\u00e0 ai tuoi vestiti di prendersi una vera pausa, e durare pi\u00f9 a lungo nel tuo armadio.<\/p>\n\n\n\n<h3 class=\"wp-block-heading\"><span class=\"ez-toc-section\" id=\"controlla_la_costruzione_delle_giacche\"><\/span>Controlla la costruzione delle giacche<span class=\"ez-toc-section-end\"><\/span><\/h3>\n\n\n\n<div class=\"wp-block-image\"><figure class=\"aligncenter\"><a href=\"https:\/\/blog.lanieri.com\/wp-content\/uploads\/2016\/05\/blazer-blu-doppiopetto.png\"><img decoding=\"async\" loading=\"lazy\" width=\"640\" height=\"427\" src=\"https:\/\/blog.lanieri.com\/wp-content\/uploads\/2016\/05\/blazer-blu-doppiopetto.png\" alt=\"blazer blu doppiopetto\" class=\"wp-image-5210\"\/><\/a><figcaption>Il blazer \u00e8 perfetto per l&#8217;estate: privo di spalline e rollino \u00e8 completamente sfoderato.<\/figcaption><\/figure><\/div>\n\n\n\n<p>Diciamolo pure, il principale colpevole quando impazzisci per il caldo in ufficio \u00e8 uno: <strong><a href=\"https:\/\/www.lanieri.com\/it\/giacche\">la giacca<\/a><\/strong>. La soluzione non \u00e8 non indossarla, se stavi gi\u00e0 per toglierla fermati!, ma indossare la giusta giacca da ufficio.<\/p>\n\n\n\n<p>Fai un check di tutte le tue divise estive nell\u2019armadio e assicurati che siano sfoderate o semi foderate, e possibilmente senza spalline. Nel caso tu stia per acquistare una giacca per l\u2019ufficio, ti consigliamo di optare per la versione <a href=\"https:\/\/www.lanieri.com\/it\/blazer\"><strong>blazer<\/strong><\/a>, (non prima di aver chiara la <a href=\"https:\/\/blog.lanieri.com\/it\/qual-e-la-differenza-tra-un-blazer-e-una-giacca\/\"><strong>differenza fra giacca e blazer<\/strong><\/a>) con costruzione destrutturata per una maggiore sensazione di comfort e leggerezza.<\/p>\n\n\n\n<h3 class=\"wp-block-heading\"><span class=\"ez-toc-section\" id=\"impara_a_riconoscere_i_tessuti\"><\/span>Impara a riconoscere i tessuti<span class=\"ez-toc-section-end\"><\/span><\/h3>\n\n\n\n<p>Anche se \u00e8 abbastanza ovvio che il cotone e il lino siano <strong><a href=\"https:\/\/blog.lanieri.com\/it\/i-tessuti-dell-estate\/\">tessuti adatti all&#8217;estate<\/a><\/strong> (noi l\u2019abbiamo detto mille volte!), rimanere freschi non \u00e8 solo una questione di fibre giuste, ma di tessitura giusta. Opta quindi per capi realizzati con tessuti dall\u2019armatura a tela \u201caperta\u201d, come l\u2019<strong><a href=\"https:\/\/blog.lanieri.com\/it\/il-tessuto-hopsack\/\">hopsack<\/a><\/strong>, che aiutano l&#8217;aria a circolare.<\/p>\n\n\n\n<p>Un passo indietro: cos\u2019\u00e8 l\u2019armatura a tela? \u00c8 la tipologia di trama pi\u00f9 semplice, poich\u00e9 ogni filo in ordito si intreccia con un filo in trama. \u00c8 quindi molto robusta e resistente e pu\u00f2 essere piena e compatta, ma anche aperta, rada, a seconda del risultato che si vuole ottenere.<\/p>\n\n\n\n<h3 class=\"wp-block-heading\"><span class=\"ez-toc-section\" id=\"non_esagerare_con_la_morbidezza\"><\/span>Non esagerare con la morbidezza<span class=\"ez-toc-section-end\"><\/span><\/h3>\n\n\n\n<p>La tentazione in estate \u00e8 quella di indossare abiti dalla vestibilit\u00e0 pi\u00f9 morbida, lo capiamo bene, ma un vestito <em>baggy<\/em> \u00e8 capace di rovinare lo stile di chiunque. <\/p>\n\n\n\n<p>La soluzione \u00e8 quella di lasciare s\u00ec una certa distanza tra la tua pelle e i tuoi vestiti, cos\u00ec che il tuo sudore possa evaporare, ma sappi che un centimetro sar\u00e0 pi\u00f9 che sufficiente: non dimenticare le regole per <a href=\"https:\/\/blog.lanieri.com\/it\/quali-pantaloni-da-uomo-scegliere-in-base-al-tuo-fisico\/\"><strong>vestire correttamente in base al tuo fisico<\/strong><\/a>.<\/p>\n\n\n\n<h3 class=\"wp-block-heading\"><span class=\"ez-toc-section\" id=\"seleziona_gli_accessori_giusti\"><\/span>Seleziona gli accessori giusti<span class=\"ez-toc-section-end\"><\/span><\/h3>\n\n\n\n<div class=\"wp-block-image\"><figure class=\"aligncenter\"><a href=\"https:\/\/blog.lanieri.com\/wp-content\/uploads\/2016\/05\/giacca-camicia-pochette.png\"><img decoding=\"async\" loading=\"lazy\" width=\"640\" height=\"427\" src=\"https:\/\/blog.lanieri.com\/wp-content\/uploads\/2016\/05\/giacca-camicia-pochette.png\" alt=\"giacca bordeaux camicia azzurra e pochette bianca\" class=\"wp-image-5209\"\/><\/a><figcaption>Giacca senza cravatta? Non dimenticare il fazzoletto da taschino!<\/figcaption><\/figure><\/div>\n\n\n\n<p>Appassionato di <strong><a href=\"https:\/\/blog.lanieri.com\/it\/e-solo-dalle-spalle-che-i-vestiti-devono-essere-appesi\/\">bretelle<\/a><\/strong>? Ti capiamo molto bene, ma ti consigliamo di conservarle per i mesi pi\u00f9 freddi, poich\u00e9 premendo sulla schiena impediscono al sudore di evaporare.<\/p>\n\n\n\n<p>Per quanto riguarda il principale accessorio dell&#8217;abbigliamento da uomo, la <a href=\"https:\/\/www.lanieri.com\/it\/cravatte\"><strong>cravatta<\/strong><\/a>, siamo certi che nessuno in ufficio ti biasimer\u00e0 se non la porterai. Pu\u00f2 essere invece l\u2019occasione per mettere in risalto altri accessori come la <strong><a href=\"https:\/\/www.lanieri.com\/it\/pochette\">pochette da uomo<\/a><\/strong>.<\/p>\n\n\n\n<h3 class=\"wp-block-heading\"><span class=\"ez-toc-section\" id=\"6_evita_di_stare_del_tutto_senza_calze\"><\/span>6. Evita di stare (del tutto) senza calze<span class=\"ez-toc-section-end\"><\/span><\/h3>\n\n\n\n<p>Anche se un po\u2019 pi\u00f9 in stile business casual, oramai lo consentono anche gli ambienti lavorativi pi\u00f9 conservatori: in estate, quando il caldo diventa ingombrante \u00e8 concesso mostrare un po\u2019 di caviglia tra l\u2019abito e le scarpe.<\/p>\n\n\n\n<p>Indossando dei semplici fantasmini in cotone eviterai di surriscaldare eccessivamente il piede e preverrai la formazione di cattivi odori. Se invece preferisci indossare i calzini, ricorda di seguire le regole base per <strong><a href=\"https:\/\/blog.lanieri.com\/it\/spesso-ultimi-ma-non-ultimi-i-calzini\/\">abbinare le calze all&#8217;abito da uomo<\/a><\/strong>.<\/p>\n\n\n\n<h3 class=\"wp-block-heading\"><span class=\"ez-toc-section\" id=\"7_metti_qualcosa_sotto\"><\/span>7. Metti qualcosa sotto<span class=\"ez-toc-section-end\"><\/span><\/h3>\n\n\n\n<p>Anche se ti sembra una sfida alle leggi della fisica, l&#8217;aggiunta di una canottiera sottile pu\u00f2 davvero aiutarti a stare pi\u00f9 fresco. La capacit\u00e0 di assorbimento di una maglia infatti, terr\u00e0 il sudore via dal tuo corpo (aiutando l&#8217;evaporazione) e protegger\u00e0 le tue <a href=\"https:\/\/www.lanieri.com\/it\/camicie\"><strong>camicie<\/strong><\/a> dal classico scolorimento nella zona sotto la manica.<\/p>\n\n\n\n<h2 class=\"wp-block-heading\"><span class=\"ez-toc-section\" id=\"il_guardaroba_estivo_made_in_lanieri\"><\/span>Il guardaroba estivo Made in Lanieri<span class=\"ez-toc-section-end\"><\/span><\/h2>\n\n\n\n<p>Leggerezza, comfort e colore: sono queste le parole chiave del dress code estivo. Tra i colori must tornano i blu in tutte le sfumature, a cui si aggiungono il rosso, il verde ed il beige. Tessuti naturali, leggeri e traspiranti, realizzati in lana, seta e lino, che assicurano un look impeccabile anche durante le giornate pi\u00f9 calde.<\/p>\n\n\n\n<p>La collezione di tessuti estivi Lanieri si arricchisce come ogni anno di cromie e texture sempre diverse. Linee pure, essenziali, mai estreme, studiate per i viaggiatori contemporanei e per tutti gli amanti dei dettagli.<\/p>\n\n\n\n<p>Abiti in fresco lana, blazer destrutturati, camicie in lino e l\u2019iconico solaro: ecco i nostri must-have per l\u2019estate.<\/p>\n\n\n\n<h3 class=\"wp-block-heading\"><span class=\"ez-toc-section\" id=\"il_blazer_hopsack\"><\/span>Il blazer hopsack<span class=\"ez-toc-section-end\"><\/span><\/h3>\n\n\n\n<p>Destrutturato, sfoderato e realizzato in tessuto natural stretch: cosa si pu\u00f2 volere di pi\u00f9 quando il caldo si fa sentire? Un <strong><a href=\"https:\/\/www.lanieri.com\/it\/blazer\/hopsack\">blazer hopsack<\/a><\/strong>, grazie alla speciale trama del tessuto, \u00e8 un capo versatile e ultra leggero: da portare nel tempo libero abbinato a chinos color crema o ad un semplice paio di jeans, o in ufficio, in versione <a href=\"https:\/\/blog.lanieri.com\/it\/labito-doppiopetto-moderno\/\"><strong>doppiopetto<\/strong><\/a> con <a href=\"https:\/\/www.lanieri.com\/it\/pantaloni\"><strong>pantaloni eleganti<\/strong><\/a> a contrasto. Un pilastro del guardaroba estivo uomo.<\/p>\n\n\n\n<h3 class=\"wp-block-heading\"><span class=\"ez-toc-section\" id=\"labito_in_lino\"><\/span>L\u2019abito in lino<span class=\"ez-toc-section-end\"><\/span><\/h3>\n\n\n\n<div class=\"wp-block-image\"><figure class=\"aligncenter\"><a href=\"https:\/\/blog.lanieri.com\/wp-content\/uploads\/2016\/05\/abito-lino-chic-casual.png\"><img decoding=\"async\" loading=\"lazy\" width=\"640\" height=\"427\" src=\"https:\/\/blog.lanieri.com\/wp-content\/uploads\/2016\/05\/abito-lino-chic-casual.png\" alt=\"abito lino chic casual marrone\" class=\"wp-image-5206\"\/><\/a><figcaption>Puoi portare il tuo abito in lino con una camicia o con una semplice T-shirt<\/figcaption><\/figure><\/div>\n\n\n\n<p>S\u00ec, \u00e8 vero, l\u2019<strong><a href=\"https:\/\/blog.lanieri.com\/it\/4-modi-per-indossare-un-abito-di-lino\/\">abito in lino<\/a><\/strong> si stropiccia, ma \u00e8 proprio grazie a questa caratteristica che i casual look acquisiscono un tocco di raffinata disinvoltura. Un tessuto millenario in grado di tenere al fresco anche sotto il sole pi\u00f9 cocente, da provare nelle combinazioni misto seta, l\u2019ideale per la creazione di capi chic da indossare durante eventi e matrimoni estivi meno formali.<\/p>\n\n\n\n<h3 class=\"wp-block-heading\"><span class=\"ez-toc-section\" id=\"labito_in_fresco_lana\"><\/span>L\u2019abito in fresco lana<span class=\"ez-toc-section-end\"><\/span><\/h3>\n\n\n\n<p>Cerchi un leggero abito estivo? Il re dell\u2019abbigliamento formale estivo \u00e8 realizzato con un tessuto ultra leggero (tra i 230-255 g) chiamato appunto <strong><a href=\"https:\/\/blog.lanieri.com\/it\/i-tessuti-dell-estate\/\">fresco lana<\/a><\/strong>. Un tessuto naturale, molto morbido al tatto, che consente la giusta traspirazione e conferma come l&#8217;<strong><a href=\"https:\/\/blog.lanieri.com\/it\/labito-in-lana-destate\/\">abito di lana in estate<\/a><\/strong> possa essere una soluzione perfetta.<\/p>\n\n\n\n<p>La risposta perfetta per tutti gli uomini che cercano un capo dall\u2019aspetto rigoroso, ma facile da portare tutto il giorno. Disponibili in tinta unita o nelle fantasie pi\u00f9 classiche, gli <strong><a href=\"https:\/\/www.lanieri.com\/it\/abiti\">abiti su misura<\/a><\/strong> in fresco lana sono anti-grinze, adatti quindi anche ai businessman urbani, come perfetto <a href=\"https:\/\/blog.lanieri.com\/it\/labito-per-viaggiare\/\"><strong>abito da viaggio<\/strong><\/a>.<\/p>\n\n\n\n<h3 class=\"wp-block-heading\"><span class=\"ez-toc-section\" id=\"la_camicia_in_lino\"><\/span>La camicia in lino<span class=\"ez-toc-section-end\"><\/span><\/h3>\n\n\n\n<div class=\"wp-block-image\"><figure class=\"aligncenter\"><a href=\"https:\/\/blog.lanieri.com\/wp-content\/uploads\/2016\/05\/camicia-lino-raffinata-elegante-.png\"><img decoding=\"async\" loading=\"lazy\" width=\"640\" height=\"427\" src=\"https:\/\/blog.lanieri.com\/wp-content\/uploads\/2016\/05\/camicia-lino-raffinata-elegante-.png\" alt=\"camicia lino bianca a righe e giacca marrone\" class=\"wp-image-5207\"\/><\/a><figcaption>Considerato il suo spirito casual, personalizza la tua camicia in lino con colletto Semi italiano<\/figcaption><\/figure><\/div>\n\n\n\n<p>Allo stesso tempo un po\u2019 informale ma raffinata, la <strong><a href=\"https:\/\/www.lanieri.com\/it\/camicie\/lino\">camicia di lino<\/a><\/strong> rievoca i caldi giorni d\u2019estate. Il tessuto nobile traspira, assorbe l\u2019umidit\u00e0 e mantiene fresca la pelle. I colori pi\u00f9 indossati?<\/p>\n\n\n\n<p>Dal blu notte, da portare anche sotto a doppiopetto e blazer, passando per il rosa pi\u00f9 estroso, fino ad arrivare al denim. Da abbinare a pantaloni eleganti per un look casual business o a <strong><a href=\"https:\/\/www.lanieri.com\/it\/pantaloni-chino\">chinos<\/a><\/strong> in cotone o lino per un effetto trama su trama.<\/p>\n\n\n\n<h3 class=\"wp-block-heading\"><span class=\"ez-toc-section\" id=\"la_giacca_in_cotone\"><\/span>La giacca in cotone<span class=\"ez-toc-section-end\"><\/span><\/h3>\n\n\n\n<p>Semifoderata e a due bottoni: una <strong><a href=\"https:\/\/www.lanieri.com\/it\/giacche\/cotone\">giacca realizzata in cotone<\/a><\/strong> \u00e8 un capo semplice, ma carico di fascino e ricercatezza. Un tessuto classico, versatile e capace di mantenere la piega durante la giornata.<\/p>\n\n\n\n<p>Realizzata in colori tipicamente estivi, si pu\u00f2 mixare a pantaloni di texture differenti per creare un <a href=\"https:\/\/blog.lanieri.com\/it\/lo-spezzato-unarte-alla-portata-di-tutti\/\"><strong>look spezzato<\/strong><\/a> adatto ai contesti business meno rigorosi o al tempo libero.<\/p>\n\n\n\n<h3 class=\"wp-block-heading\"><span class=\"ez-toc-section\" id=\"labito_solaro\"><\/span>L\u2019abito solaro<span class=\"ez-toc-section-end\"><\/span><\/h3>\n\n\n\n<p>Non \u00e8 per tutti, lo sappiamo, ma come non inserirlo nella top list dei capi estivi? Il <strong><a href=\"https:\/\/blog.lanieri.com\/it\/labito-solaro-storia-di-un-mito\/\">solaro<\/a><\/strong>, la divisa prescelta dalle grandi icone di stile, prima tra tutte l\u2019<strong><a href=\"https:\/\/blog.lanieri.com\/it\/lo-stile-giovanni-agnelli\/\">avvocato Agnelli<\/a><\/strong>, mantiene il giusto equilibrio tra informalit\u00e0 e voglia di essere eleganti senza costrizioni.<\/p>\n\n\n\n<p>La diversit\u00e0 dell\u2019ordito e della trama del tessuto creano quel particolare effetto cangiante che, catturando i riflessi della luce, restituisce sfumature sempre diverse. Uno vero e proprio sfizio di stile, del tutto necessario.<\/p>\n","protected":false},"excerpt":{"rendered":"<p>Qualche consiglio molto pratico su cosa indossare a lavoro le prossime settimane per sopravvivere a caldo, afa, aria condizionata e voglia di bermuda.<\/p>\n","protected":false},"author":1,"featured_media":5205,"comment_status":"closed","ping_status":"open","sticky":false,"template":"","format":"standard","meta":{"footnotes":""},"categories":[440],"tags":[],"yoast_head":"<!-- This site is optimized with the Yoast SEO plugin v22.6 - https:\/\/yoast.com\/wordpress\/plugins\/seo\/ -->\n<title>Abbigliamento estivo da uomo: vestirsi casual chic per l&#039;ufficio in estate<\/title>\n<meta name=\"description\" content=\"Leggerezza, comfort e colore: ecco le parole chiave del guardaroba estivo, anche in ufficio. Abiti in fresco lana, blazer, camicie in lino e cravatte slim.\" \/>\n<meta name=\"robots\" content=\"index, follow, max-snippet:-1, max-image-preview:large, max-video-preview:-1\" \/>\n<link rel=\"canonical\" href=\"https:\/\/blog.lanieri.com\/it\/i-must-have-del-guardaroba-estivo\/\" \/>\n<meta property=\"og:locale\" content=\"it_IT\" \/>\n<meta property=\"og:type\" content=\"article\" \/>\n<meta property=\"og:title\" content=\"Abbigliamento estivo da uomo: vestirsi casual chic per l&#039;ufficio in estate\" \/>\n<meta property=\"og:description\" content=\"Leggerezza, comfort e colore: ecco le parole chiave del guardaroba estivo, anche in ufficio. Abiti in fresco lana, blazer, camicie in lino e cravatte slim.\" \/>\n<meta property=\"og:url\" content=\"https:\/\/blog.lanieri.com\/it\/i-must-have-del-guardaroba-estivo\/\" \/>\n<meta property=\"og:site_name\" content=\"Lanieri BLOG\" \/>\n<meta property=\"article:publisher\" content=\"https:\/\/www.facebook.com\/LanieriOfficial\/\" \/>\n<meta property=\"article:published_time\" content=\"2019-06-01T08:00:38+00:00\" \/>\n<meta property=\"article:modified_time\" content=\"2021-06-07T14:29:54+00:00\" \/>\n<meta property=\"og:image\" content=\"https:\/\/blog.lanieri.com\/wp-content\/uploads\/2016\/05\/lavoro-ufficio-estate.png\" \/>\n\t<meta property=\"og:image:width\" content=\"930\" \/>\n\t<meta property=\"og:image:height\" content=\"698\" \/>\n\t<meta property=\"og:image:type\" content=\"image\/png\" \/>\n<meta name=\"author\" content=\"Lanieri\" \/>\n<meta name=\"twitter:card\" content=\"summary_large_image\" \/>\n<meta name=\"twitter:creator\" content=\"@LanieriOfficial\" \/>\n<meta name=\"twitter:site\" content=\"@LanieriOfficial\" \/>\n<meta name=\"twitter:label1\" content=\"Scritto da\" \/>\n\t<meta name=\"twitter:data1\" content=\"Lanieri\" \/>\n\t<meta name=\"twitter:label2\" content=\"Tempo di lettura stimato\" \/>\n\t<meta name=\"twitter:data2\" content=\"7 minuti\" \/>\n<script type=\"application\/ld+json\" class=\"yoast-schema-graph\">{\"@context\":\"https:\/\/schema.org\",\"@graph\":[{\"@type\":\"Article\",\"@id\":\"https:\/\/blog.lanieri.com\/it\/i-must-have-del-guardaroba-estivo\/#article\",\"isPartOf\":{\"@id\":\"https:\/\/blog.lanieri.com\/it\/i-must-have-del-guardaroba-estivo\/\"},\"author\":{\"name\":\"Lanieri\",\"@id\":\"https:\/\/blog.lanieri.com\/it\/#\/schema\/person\/87e6d8c8328ff7542fa609e45fe7e773\"},\"headline\":\"Abbigliamento estivo da uomo: vestirsi casual chic per l&#8217;ufficio in estate\",\"datePublished\":\"2019-06-01T08:00:38+00:00\",\"dateModified\":\"2021-06-07T14:29:54+00:00\",\"mainEntityOfPage\":{\"@id\":\"https:\/\/blog.lanieri.com\/it\/i-must-have-del-guardaroba-estivo\/\"},\"wordCount\":1333,\"publisher\":{\"@id\":\"https:\/\/blog.lanieri.com\/it\/#organization\"},\"image\":{\"@id\":\"https:\/\/blog.lanieri.com\/it\/i-must-have-del-guardaroba-estivo\/#primaryimage\"},\"thumbnailUrl\":\"https:\/\/blog.lanieri.com\/wp-content\/uploads\/2016\/05\/lavoro-ufficio-estate.png\",\"articleSection\":[\"LIFESTYLE\"],\"inLanguage\":\"it-IT\"},{\"@type\":\"WebPage\",\"@id\":\"https:\/\/blog.lanieri.com\/it\/i-must-have-del-guardaroba-estivo\/\",\"url\":\"https:\/\/blog.lanieri.com\/it\/i-must-have-del-guardaroba-estivo\/\",\"name\":\"Abbigliamento estivo da uomo: vestirsi casual chic per l'ufficio in estate\",\"isPartOf\":{\"@id\":\"https:\/\/blog.lanieri.com\/it\/#website\"},\"primaryImageOfPage\":{\"@id\":\"https:\/\/blog.lanieri.com\/it\/i-must-have-del-guardaroba-estivo\/#primaryimage\"},\"image\":{\"@id\":\"https:\/\/blog.lanieri.com\/it\/i-must-have-del-guardaroba-estivo\/#primaryimage\"},\"thumbnailUrl\":\"https:\/\/blog.lanieri.com\/wp-content\/uploads\/2016\/05\/lavoro-ufficio-estate.png\",\"datePublished\":\"2019-06-01T08:00:38+00:00\",\"dateModified\":\"2021-06-07T14:29:54+00:00\",\"description\":\"Leggerezza, comfort e colore: ecco le parole chiave del guardaroba estivo, anche in ufficio. Abiti in fresco lana, blazer, camicie in lino e cravatte slim.\",\"breadcrumb\":{\"@id\":\"https:\/\/blog.lanieri.com\/it\/i-must-have-del-guardaroba-estivo\/#breadcrumb\"},\"inLanguage\":\"it-IT\",\"potentialAction\":[{\"@type\":\"ReadAction\",\"target\":[\"https:\/\/blog.lanieri.com\/it\/i-must-have-del-guardaroba-estivo\/\"]}]},{\"@type\":\"ImageObject\",\"inLanguage\":\"it-IT\",\"@id\":\"https:\/\/blog.lanieri.com\/it\/i-must-have-del-guardaroba-estivo\/#primaryimage\",\"url\":\"https:\/\/blog.lanieri.com\/wp-content\/uploads\/2016\/05\/lavoro-ufficio-estate.png\",\"contentUrl\":\"https:\/\/blog.lanieri.com\/wp-content\/uploads\/2016\/05\/lavoro-ufficio-estate.png\",\"width\":930,\"height\":698,\"caption\":\"uomo vestito da ufficio elegante con smartphone\"},{\"@type\":\"BreadcrumbList\",\"@id\":\"https:\/\/blog.lanieri.com\/it\/i-must-have-del-guardaroba-estivo\/#breadcrumb\",\"itemListElement\":[{\"@type\":\"ListItem\",\"position\":1,\"name\":\"Blog\",\"item\":\"https:\/\/blog.lanieri.com\/it\/\"},{\"@type\":\"ListItem\",\"position\":2,\"name\":\"LIFESTYLE\",\"item\":\"https:\/\/blog.lanieri.com\/it\/category\/lifestyle-it\/\"},{\"@type\":\"ListItem\",\"position\":3,\"name\":\"Guardaroba uomo estivo\"}]},{\"@type\":\"WebSite\",\"@id\":\"https:\/\/blog.lanieri.com\/it\/#website\",\"url\":\"https:\/\/blog.lanieri.com\/it\/\",\"name\":\"Lanieri BLOG\",\"description\":\"Scopri le nuove tendenze dell'uomo moderno: leggi i consigli e le notizie sulla moda maschile e il lifestyle italiano.\",\"publisher\":{\"@id\":\"https:\/\/blog.lanieri.com\/it\/#organization\"},\"potentialAction\":[{\"@type\":\"SearchAction\",\"target\":{\"@type\":\"EntryPoint\",\"urlTemplate\":\"https:\/\/blog.lanieri.com\/it\/?s={search_term_string}\"},\"query-input\":\"required name=search_term_string\"}],\"inLanguage\":\"it-IT\"},{\"@type\":\"Organization\",\"@id\":\"https:\/\/blog.lanieri.com\/it\/#organization\",\"name\":\"Lanieri\",\"url\":\"https:\/\/blog.lanieri.com\/it\/\",\"logo\":{\"@type\":\"ImageObject\",\"inLanguage\":\"it-IT\",\"@id\":\"https:\/\/blog.lanieri.com\/it\/#\/schema\/logo\/image\/\",\"url\":\"https:\/\/i0.wp.com\/www.lanieri.com\/blog\/wp-content\/uploads\/2019\/06\/logo-gmb.jpg?fit=1024%2C1024&ssl=1\",\"contentUrl\":\"https:\/\/i0.wp.com\/www.lanieri.com\/blog\/wp-content\/uploads\/2019\/06\/logo-gmb.jpg?fit=1024%2C1024&ssl=1\",\"width\":1024,\"height\":1024,\"caption\":\"Lanieri\"},\"image\":{\"@id\":\"https:\/\/blog.lanieri.com\/it\/#\/schema\/logo\/image\/\"},\"sameAs\":[\"https:\/\/www.facebook.com\/LanieriOfficial\/\",\"https:\/\/x.com\/LanieriOfficial\",\"https:\/\/www.instagram.com\/lanieriofficial\/\"]},{\"@type\":\"Person\",\"@id\":\"https:\/\/blog.lanieri.com\/it\/#\/schema\/person\/87e6d8c8328ff7542fa609e45fe7e773\",\"name\":\"Lanieri\",\"image\":{\"@type\":\"ImageObject\",\"inLanguage\":\"it-IT\",\"@id\":\"https:\/\/blog.lanieri.com\/it\/#\/schema\/person\/image\/\",\"url\":\"https:\/\/secure.gravatar.com\/avatar\/7975fb55a198178cbd7949984ba76fba?s=96&d=mm&r=g\",\"contentUrl\":\"https:\/\/secure.gravatar.com\/avatar\/7975fb55a198178cbd7949984ba76fba?s=96&d=mm&r=g\",\"caption\":\"Lanieri\"},\"sameAs\":[\"http:\/\/www.lanieri.com\"]}]}<\/script>\n<!-- \/ Yoast SEO plugin. -->","yoast_head_json":{"title":"Abbigliamento estivo da uomo: vestirsi casual chic per l'ufficio in estate","description":"Leggerezza, comfort e colore: ecco le parole chiave del guardaroba estivo, anche in ufficio. Abiti in fresco lana, blazer, camicie in lino e cravatte slim.","robots":{"index":"index","follow":"follow","max-snippet":"max-snippet:-1","max-image-preview":"max-image-preview:large","max-video-preview":"max-video-preview:-1"},"canonical":"https:\/\/blog.lanieri.com\/it\/i-must-have-del-guardaroba-estivo\/","og_locale":"it_IT","og_type":"article","og_title":"Abbigliamento estivo da uomo: vestirsi casual chic per l'ufficio in estate","og_description":"Leggerezza, comfort e colore: ecco le parole chiave del guardaroba estivo, anche in ufficio. Abiti in fresco lana, blazer, camicie in lino e cravatte slim.","og_url":"https:\/\/blog.lanieri.com\/it\/i-must-have-del-guardaroba-estivo\/","og_site_name":"Lanieri BLOG","article_publisher":"https:\/\/www.facebook.com\/LanieriOfficial\/","article_published_time":"2019-06-01T08:00:38+00:00","article_modified_time":"2021-06-07T14:29:54+00:00","og_image":[{"width":930,"height":698,"url":"https:\/\/blog.lanieri.com\/wp-content\/uploads\/2016\/05\/lavoro-ufficio-estate.png","type":"image\/png"}],"author":"Lanieri","twitter_card":"summary_large_image","twitter_creator":"@LanieriOfficial","twitter_site":"@LanieriOfficial","twitter_misc":{"Scritto da":"Lanieri","Tempo di lettura stimato":"7 minuti"},"schema":{"@context":"https:\/\/schema.org","@graph":[{"@type":"Article","@id":"https:\/\/blog.lanieri.com\/it\/i-must-have-del-guardaroba-estivo\/#article","isPartOf":{"@id":"https:\/\/blog.lanieri.com\/it\/i-must-have-del-guardaroba-estivo\/"},"author":{"name":"Lanieri","@id":"https:\/\/blog.lanieri.com\/it\/#\/schema\/person\/87e6d8c8328ff7542fa609e45fe7e773"},"headline":"Abbigliamento estivo da uomo: vestirsi casual chic per l&#8217;ufficio in estate","datePublished":"2019-06-01T08:00:38+00:00","dateModified":"2021-06-07T14:29:54+00:00","mainEntityOfPage":{"@id":"https:\/\/blog.lanieri.com\/it\/i-must-have-del-guardaroba-estivo\/"},"wordCount":1333,"publisher":{"@id":"https:\/\/blog.lanieri.com\/it\/#organization"},"image":{"@id":"https:\/\/blog.lanieri.com\/it\/i-must-have-del-guardaroba-estivo\/#primaryimage"},"thumbnailUrl":"https:\/\/blog.lanieri.com\/wp-content\/uploads\/2016\/05\/lavoro-ufficio-estate.png","articleSection":["LIFESTYLE"],"inLanguage":"it-IT"},{"@type":"WebPage","@id":"https:\/\/blog.lanieri.com\/it\/i-must-have-del-guardaroba-estivo\/","url":"https:\/\/blog.lanieri.com\/it\/i-must-have-del-guardaroba-estivo\/","name":"Abbigliamento estivo da uomo: vestirsi casual chic per l'ufficio in estate","isPartOf":{"@id":"https:\/\/blog.lanieri.com\/it\/#website"},"primaryImageOfPage":{"@id":"https:\/\/blog.lanieri.com\/it\/i-must-have-del-guardaroba-estivo\/#primaryimage"},"image":{"@id":"https:\/\/blog.lanieri.com\/it\/i-must-have-del-guardaroba-estivo\/#primaryimage"},"thumbnailUrl":"https:\/\/blog.lanieri.com\/wp-content\/uploads\/2016\/05\/lavoro-ufficio-estate.png","datePublished":"2019-06-01T08:00:38+00:00","dateModified":"2021-06-07T14:29:54+00:00","description":"Leggerezza, comfort e colore: ecco le parole chiave del guardaroba estivo, anche in ufficio. Abiti in fresco lana, blazer, camicie in lino e cravatte slim.","breadcrumb":{"@id":"https:\/\/blog.lanieri.com\/it\/i-must-have-del-guardaroba-estivo\/#breadcrumb"},"inLanguage":"it-IT","potentialAction":[{"@type":"ReadAction","target":["https:\/\/blog.lanieri.com\/it\/i-must-have-del-guardaroba-estivo\/"]}]},{"@type":"ImageObject","inLanguage":"it-IT","@id":"https:\/\/blog.lanieri.com\/it\/i-must-have-del-guardaroba-estivo\/#primaryimage","url":"https:\/\/blog.lanieri.com\/wp-content\/uploads\/2016\/05\/lavoro-ufficio-estate.png","contentUrl":"https:\/\/blog.lanieri.com\/wp-content\/uploads\/2016\/05\/lavoro-ufficio-estate.png","width":930,"height":698,"caption":"uomo vestito da ufficio elegante con smartphone"},{"@type":"BreadcrumbList","@id":"https:\/\/blog.lanieri.com\/it\/i-must-have-del-guardaroba-estivo\/#breadcrumb","itemListElement":[{"@type":"ListItem","position":1,"name":"Blog","item":"https:\/\/blog.lanieri.com\/it\/"},{"@type":"ListItem","position":2,"name":"LIFESTYLE","item":"https:\/\/blog.lanieri.com\/it\/category\/lifestyle-it\/"},{"@type":"ListItem","position":3,"name":"Guardaroba uomo estivo"}]},{"@type":"WebSite","@id":"https:\/\/blog.lanieri.com\/it\/#website","url":"https:\/\/blog.lanieri.com\/it\/","name":"Lanieri BLOG","description":"Scopri le nuove tendenze dell'uomo moderno: leggi i consigli e le notizie sulla moda maschile e il lifestyle italiano.","publisher":{"@id":"https:\/\/blog.lanieri.com\/it\/#organization"},"potentialAction":[{"@type":"SearchAction","target":{"@type":"EntryPoint","urlTemplate":"https:\/\/blog.lanieri.com\/it\/?s={search_term_string}"},"query-input":"required name=search_term_string"}],"inLanguage":"it-IT"},{"@type":"Organization","@id":"https:\/\/blog.lanieri.com\/it\/#organization","name":"Lanieri","url":"https:\/\/blog.lanieri.com\/it\/","logo":{"@type":"ImageObject","inLanguage":"it-IT","@id":"https:\/\/blog.lanieri.com\/it\/#\/schema\/logo\/image\/","url":"https:\/\/i0.wp.com\/www.lanieri.com\/blog\/wp-content\/uploads\/2019\/06\/logo-gmb.jpg?fit=1024%2C1024&ssl=1","contentUrl":"https:\/\/i0.wp.com\/www.lanieri.com\/blog\/wp-content\/uploads\/2019\/06\/logo-gmb.jpg?fit=1024%2C1024&ssl=1","width":1024,"height":1024,"caption":"Lanieri"},"image":{"@id":"https:\/\/blog.lanieri.com\/it\/#\/schema\/logo\/image\/"},"sameAs":["https:\/\/www.facebook.com\/LanieriOfficial\/","https:\/\/x.com\/LanieriOfficial","https:\/\/www.instagram.com\/lanieriofficial\/"]},{"@type":"Person","@id":"https:\/\/blog.lanieri.com\/it\/#\/schema\/person\/87e6d8c8328ff7542fa609e45fe7e773","name":"Lanieri","image":{"@type":"ImageObject","inLanguage":"it-IT","@id":"https:\/\/blog.lanieri.com\/it\/#\/schema\/person\/image\/","url":"https:\/\/secure.gravatar.com\/avatar\/7975fb55a198178cbd7949984ba76fba?s=96&d=mm&r=g","contentUrl":"https:\/\/secure.gravatar.com\/avatar\/7975fb55a198178cbd7949984ba76fba?s=96&d=mm&r=g","caption":"Lanieri"},"sameAs":["http:\/\/www.lanieri.com"]}]}},"_links":{"self":[{"href":"https:\/\/blog.lanieri.com\/it\/wp-json\/wp\/v2\/posts\/2487"}],"collection":[{"href":"https:\/\/blog.lanieri.com\/it\/wp-json\/wp\/v2\/posts"}],"about":[{"href":"https:\/\/blog.lanieri.com\/it\/wp-json\/wp\/v2\/types\/post"}],"author":[{"embeddable":true,"href":"https:\/\/blog.lanieri.com\/it\/wp-json\/wp\/v2\/users\/1"}],"replies":[{"embeddable":true,"href":"https:\/\/blog.lanieri.com\/it\/wp-json\/wp\/v2\/comments?post=2487"}],"version-history":[{"count":31,"href":"https:\/\/blog.lanieri.com\/it\/wp-json\/wp\/v2\/posts\/2487\/revisions"}],"predecessor-version":[{"id":13522,"href":"https:\/\/blog.lanieri.com\/it\/wp-json\/wp\/v2\/posts\/2487\/revisions\/13522"}],"wp:featuredmedia":[{"embeddable":true,"href":"https:\/\/blog.lanieri.com\/it\/wp-json\/wp\/v2\/media\/5205"}],"wp:attachment":[{"href":"https:\/\/blog.lanieri.com\/it\/wp-json\/wp\/v2\/media?parent=2487"}],"wp:term":[{"taxonomy":"category","embeddable":true,"href":"https:\/\/blog.lanieri.com\/it\/wp-json\/wp\/v2\/categories?post=2487"},{"taxonomy":"post_tag","embeddable":true,"href":"https:\/\/blog.lanieri.com\/it\/wp-json\/wp\/v2\/tags?post=2487"}],"curies":[{"name":"wp","href":"https:\/\/api.w.org\/{rel}","templated":true}]}}