{"id":15393,"date":"2023-02-08T16:54:38","date_gmt":"2023-02-08T15:54:38","guid":{"rendered":"https:\/\/lanieri.com\/blog\/?p=15393"},"modified":"2023-02-08T16:54:40","modified_gmt":"2023-02-08T15:54:40","slug":"lanificio-subalpino-fantasia-qualita","status":"publish","type":"post","link":"https:\/\/blog.lanieri.com\/it\/lanificio-subalpino-fantasia-qualita\/","title":{"rendered":"Lanificio Subalpino: fantasia e qualit\u00e0, un connubio vincente\u00a0"},"content":{"rendered":"\n<div class=\"wp-block-group alignfull margin-p entry-content-1 has-background is-layout-flow wp-block-group-is-layout-flow\" style=\"background-color:#f3efe8\"><div class=\"wp-block-group__inner-container\">\n<div class=\"wp-block-columns alignwide margin-header-0 is-layout-flex wp-container-2 wp-block-columns-is-layout-flex\">\n<div class=\"wp-block-column is-layout-flow wp-block-column-is-layout-flow\"><\/div>\n<\/div>\n\n\n\n<div class=\"wp-block-columns alignwide is-layout-flex wp-container-8 wp-block-columns-is-layout-flex\">\n<div class=\"wp-block-column is-layout-flow wp-block-column-is-layout-flow\" style=\"flex-basis:5px\"><\/div>\n\n\n\n<div class=\"wp-block-column is-layout-flow wp-block-column-is-layout-flow\" style=\"flex-basis:33.38%\">\n<h3 class=\"margin-header-0 header-georgia has-black-color has-text-color wp-block-heading\" style=\"font-style:normal;font-weight:400\">Nome dell&#8217;azienda<\/h3>\n\n\n\n<hr class=\"wp-block-separator has-css-opacity is-style-wide hr-box\"\/>\n\n\n\n<p class=\"has-text-color has-extra-small-font-size\" style=\"color:#000000\">Lanificio Subalpino<\/p>\n<\/div>\n\n\n\n<div class=\"wp-block-column is-layout-flow wp-block-column-is-layout-flow\" style=\"flex-basis:33%\">\n<h3 class=\"margin-header-0 header-georgia has-black-color has-text-color wp-block-heading\" style=\"font-style:normal;font-weight:400\">Anno di fondazione<\/h3>\n\n\n\n<hr class=\"wp-block-separator has-css-opacity is-style-wide hr-box\"\/>\n\n\n\n<p class=\"has-text-color has-extra-small-font-size\" style=\"color:#000000\">1975<\/p>\n<\/div>\n\n\n\n<div class=\"wp-block-column is-layout-flow wp-block-column-is-layout-flow\" style=\"flex-basis:33.62%\">\n<h3 class=\"margin-header-0 header-georgia has-black-color has-text-color wp-block-heading\" style=\"font-style:normal;font-weight:400\">Luogo di fondazione<\/h3>\n\n\n\n<hr class=\"wp-block-separator has-css-opacity is-style-wide hr-box\"\/>\n\n\n\n<p class=\"has-text-color has-extra-small-font-size\" style=\"color:#000000\">Quaregna Cerreto &#8211; Biella<\/p>\n<\/div>\n\n\n\n<div class=\"wp-block-column is-layout-flow wp-block-column-is-layout-flow\" style=\"flex-basis:5px\"><\/div>\n<\/div>\n\n\n\n<div class=\"wp-block-columns alignwide is-layout-flex wp-container-14 wp-block-columns-is-layout-flex\">\n<div class=\"wp-block-column is-layout-flow wp-block-column-is-layout-flow\" style=\"flex-basis:5px\"><\/div>\n\n\n\n<div class=\"wp-block-column is-layout-flow wp-block-column-is-layout-flow\" style=\"flex-basis:33.62%\">\n<h3 class=\"margin-header-0 header-georgia has-black-color has-text-color wp-block-heading\" style=\"font-style:normal;font-weight:400\">Produzione<\/h3>\n\n\n\n<hr class=\"wp-block-separator has-css-opacity is-style-wide hr-box\"\/>\n\n\n\n<p class=\"margin-p has-text-color has-extra-small-font-size\" style=\"color:#000000\">Tessuti di alta qualit\u00e0 con una specializzazione sui filati fantasia e sul seersucker<\/p>\n<\/div>\n\n\n\n<div class=\"wp-block-column is-layout-flow wp-block-column-is-layout-flow\" style=\"flex-basis:50px\"><\/div>\n\n\n\n<div class=\"wp-block-column is-layout-flow wp-block-column-is-layout-flow\" style=\"flex-basis:33.62%\">\n<h3 class=\"margin-header-0 header-georgia has-black-color has-text-color wp-block-heading\" style=\"font-style:normal;font-weight:400\">Segni particolari<\/h3>\n\n\n\n<hr class=\"wp-block-separator has-css-opacity is-style-wide hr-box\"\/>\n\n\n\n<p class=\"margin-p has-text-color has-extra-small-font-size\" style=\"color:#000000\">Modernit\u00e0, creativit\u00e0, caparbiet\u00e0<\/p>\n<\/div>\n\n\n\n<div class=\"wp-block-column is-layout-flow wp-block-column-is-layout-flow\" style=\"flex-basis:5px\"><\/div>\n<\/div>\n\n\n\n<div style=\"height:20px\" aria-hidden=\"true\" class=\"wp-block-spacer\"><\/div>\n<\/div><\/div>\n\n\n\n<h2><span class=\"TextRun SCXW28082523 BCX0\" lang=\"IT-IT\" xml:lang=\"IT-IT\" data-contrast=\"none\"><span class=\"NormalTextRun SCXW28082523 BCX0\" data-ccp-parastyle=\"Corpo A\" data-ccp-parastyle-defn=\"{&quot;ObjectId&quot;:&quot;7b70766f-8b12-40ef-9be2-e3998718f315|12&quot;,&quot;ClassId&quot;:1073872969,&quot;Properties&quot;:[469775450,&quot;Corpo A&quot;,201340122,&quot;2&quot;,134233614,&quot;true&quot;,469778129,&quot;CorpoA&quot;,335572020,&quot;1&quot;,469777841,&quot;Helvetica Neue&quot;,469777842,&quot;Arial Unicode MS&quot;,469777843,&quot;Arial Unicode MS&quot;,469777844,&quot;Helvetica Neue&quot;,469769226,&quot;Helvetica Neue,Arial Unicode MS&quot;,335551500,&quot;0&quot;,268442635,&quot;22&quot;]}\">1975 \u2013 domani: dalla prima spola alla trama del futuro<\/span><\/span><span class=\"EOP SCXW28082523 BCX0\" data-ccp-props=\"{&quot;201341983&quot;:0,&quot;335551550&quot;:6,&quot;335551620&quot;:6,&quot;335559740&quot;:312}\">&nbsp;<\/span><\/h2>\n<p><span data-contrast=\"none\">Colore e creativit\u00e0 sono gli elementi che caratterizzano la produzione di Lanificio Subalpino, da quasi 50 anni: due valori che \u2013 come la trama e l\u2019ordito \u2013 diventano componenti intrinseci in ogni tessuto, imprescindibili nel DNA dell\u2019azienda.<\/span><span data-ccp-props=\"{&quot;201341983&quot;:0,&quot;335551550&quot;:6,&quot;335551620&quot;:6,&quot;335559740&quot;:312}\">&nbsp;<\/span><\/p>\n<p><span data-contrast=\"none\">Tutto ha inizio nel 1975, con l\u2019inaugurazione di una piccola produzione di tessuti chiamata Lanificio Subalpino. \u00c8 il primo capitolo di una storia familiare, iniziata dal fondatore Luciano Zanone, che si intreccia alla storia della florida industria tessile biellese.<\/span><span data-ccp-props=\"{&quot;201341983&quot;:0,&quot;335551550&quot;:6,&quot;335551620&quot;:6,&quot;335559740&quot;:312}\">&nbsp;<\/span><\/p>\n<p><span data-contrast=\"none\">Una realt\u00e0 in continua crescita, che in questi cinque decenni non ha mai perso l\u2019attitudine creativa e la voglia di sperimentare e si \u00e8 evoluta cavalcando le oscillazioni dei mercati con un\u2019eccellente combinazione di tradizione e innovazione, di cultura e intuizione.<\/span><span data-ccp-props=\"{&quot;201341983&quot;:0,&quot;335551550&quot;:6,&quot;335551620&quot;:6,&quot;335559740&quot;:312}\">&nbsp;<\/span><\/p>\n<p><span data-contrast=\"none\">Nel 2019, l\u2019acquisizione dell\u2019azienda da parte Andrea Rosa ed Alberto Tamburrano ha segnato un nuovo e importante capitolo nella vita di Subalpino e della sua filosofia, aggiungendo una nuova ventata di creativit\u00e0 ed innovazione all\u2019estro, all\u2019inventiva e alla \u201cscintilla\u201d della famiglia Zanone.<\/span><span data-ccp-props=\"{&quot;201341983&quot;:0,&quot;335551550&quot;:6,&quot;335551620&quot;:6,&quot;335559740&quot;:312}\">&nbsp;<\/span><\/p>\n<p style=\"text-align: center;\"><a href=\"https:\/\/blog.lanieri.com\/wp-content\/uploads\/2023\/02\/box1.png\"><img decoding=\"async\" loading=\"lazy\" class=\"alignnone size-large wp-image-15394\" src=\"https:\/\/blog.lanieri.com\/wp-content\/uploads\/2023\/02\/box1-1024x680.png\" alt=\"\" width=\"697\" height=\"463\" srcset=\"https:\/\/blog.lanieri.com\/wp-content\/uploads\/2023\/02\/box1-1024x680.png 1024w, https:\/\/blog.lanieri.com\/wp-content\/uploads\/2023\/02\/box1-300x199.png 300w, https:\/\/blog.lanieri.com\/wp-content\/uploads\/2023\/02\/box1-768x510.png 768w, https:\/\/blog.lanieri.com\/wp-content\/uploads\/2023\/02\/box1-330x220.png 330w, https:\/\/blog.lanieri.com\/wp-content\/uploads\/2023\/02\/box1.png 1200w\" sizes=\"(max-width: 697px) 100vw, 697px\" \/><\/a><\/p>\n<p><span style=\"font-weight: 400;\"><span class=\"TextRun SCXW53514568 BCX0\" lang=\"IT-IT\" xml:lang=\"IT-IT\" data-contrast=\"none\"><span class=\"NormalTextRun SCXW53514568 BCX0\" data-ccp-parastyle=\"Corpo A\" data-ccp-parastyle-defn=\"{&quot;ObjectId&quot;:&quot;7b70766f-8b12-40ef-9be2-e3998718f315|12&quot;,&quot;ClassId&quot;:1073872969,&quot;Properties&quot;:[469775450,&quot;Corpo A&quot;,201340122,&quot;2&quot;,134233614,&quot;true&quot;,469778129,&quot;CorpoA&quot;,335572020,&quot;1&quot;,469777841,&quot;Helvetica Neue&quot;,469777842,&quot;Arial Unicode MS&quot;,469777843,&quot;Arial Unicode MS&quot;,469777844,&quot;Helvetica Neue&quot;,469769226,&quot;Helvetica Neue,Arial Unicode MS&quot;,335551500,&quot;0&quot;,268442635,&quot;22&quot;]}\">Sin dal primo giorno, inderogabilmente nello stabilimento Biellese dove \u00e8 entrata in funzione la prima spola, <\/span><span class=\"NormalTextRun SCXW53514568 BCX0\" data-ccp-parastyle=\"Corpo A\">le persone che danno vita a Subalpino sono autori<\/span> <span class=\"NormalTextRun SCXW53514568 BCX0\" data-ccp-parastyle=\"Corpo A\">di una<\/span><span class=\"NormalTextRun SCXW53514568 BCX0\" data-ccp-parastyle=\"Corpo A\"> storia <\/span><span class=\"NormalTextRun SCXW53514568 BCX0\" data-ccp-parastyle=\"Corpo A\">che continua a scrivere il proprio futuro, di<\/span><span class=\"NormalTextRun SCXW53514568 BCX0\" data-ccp-parastyle=\"Corpo A\"> cui ogni tessuto rappresenta un capitolo tutto nuovo.<\/span><\/span><span class=\"EOP SCXW53514568 BCX0\" data-ccp-props=\"{&quot;201341983&quot;:0,&quot;335551550&quot;:6,&quot;335551620&quot;:6,&quot;335559740&quot;:312}\">&nbsp;<\/span><\/span><\/p>\n<p>&nbsp;<\/p>\n<h2>Le sfumature che fanno la differenza<\/h2>\n<p><span data-contrast=\"none\">Punto di partenza del Lanificio Subalpino \u00e8 l\u2019attenzione al tessuto, indagato a fondo in ogni potenzialit\u00e0 tecnica ed espressiva. Ogni fibra, infatti, risponde in modo diverso ai colori e ogni combinazione di colori crea un effetto diverso sulle diverse fibre. Fare la differenza anche nel pi\u00f9 piccolo dettaglio, in fondo, \u00e8 l\u2019obiettivo a cui punta l\u2019azienda.<\/span><span data-ccp-props=\"{&quot;201341983&quot;:0,&quot;335551550&quot;:6,&quot;335551620&quot;:6,&quot;335559740&quot;:312}\">&nbsp;<\/span><\/p>\n<p><span data-contrast=\"none\">Lanificio Subalpino offre un catalogo sfaccettato di tessuti, colori e fantasie, per dare corpo ad ogni idea creativa nata al proprio interno. Dalla<\/span> <span data-contrast=\"none\">filatura<\/span> <span data-contrast=\"none\">all\u2019orditura, dall\u2019annodatura alla tessitura, ogni fase unisce la tradizione artigianale della cultura laniera con le nuove possibilit\u00e0 dell\u2019evoluzione tecnologica.&nbsp;<\/span><span data-ccp-props=\"{&quot;201341983&quot;:0,&quot;335551550&quot;:6,&quot;335551620&quot;:6,&quot;335559740&quot;:312}\">&nbsp;<\/span><\/p>\n<p><span data-contrast=\"none\">Con dedizione, know-how e un pizzico di caparbiet\u00e0, Lanificio Subalpino propone, di collezione in collezione, e con l\u2019affidabilit\u00e0 di un heritage solido, un abaco di possibilit\u00e0 adatte ai propositi pi\u00f9 creativi.&nbsp;<\/span><span data-ccp-props=\"{&quot;201341983&quot;:0,&quot;335551550&quot;:6,&quot;335551620&quot;:6,&quot;335559740&quot;:312}\">&nbsp;<\/span><\/p>\n<p><span data-contrast=\"none\">Passione, fantasia ed esperienza si respirano in ogni lavorazione di cotone e lino, seersucker, popeline e stuoie, fantasie moderne e uniti tinto filo, con finissaggi sia classici che innovativi, ideali per la realizzazione di giacche, abiti, pantaloni, giubbotti e cappotti dall\u2019allure moderna e nel contempo rispettosa della tradizione.<\/span><span data-ccp-props=\"{&quot;201341983&quot;:0,&quot;335551550&quot;:6,&quot;335551620&quot;:6,&quot;335559740&quot;:312}\">&nbsp;<\/span><\/p>\n<p><a style=\"font-size: revert;\" href=\"https:\/\/blog.lanieri.com\/wp-content\/uploads\/2023\/02\/box2.png\"><img decoding=\"async\" loading=\"lazy\" class=\"wp-image-15397 size-large aligncenter\" src=\"https:\/\/blog.lanieri.com\/wp-content\/uploads\/2023\/02\/box2-1024x680.png\" alt=\"\" width=\"697\" height=\"463\" srcset=\"https:\/\/blog.lanieri.com\/wp-content\/uploads\/2023\/02\/box2-1024x680.png 1024w, https:\/\/blog.lanieri.com\/wp-content\/uploads\/2023\/02\/box2-300x199.png 300w, https:\/\/blog.lanieri.com\/wp-content\/uploads\/2023\/02\/box2-768x510.png 768w, https:\/\/blog.lanieri.com\/wp-content\/uploads\/2023\/02\/box2-330x220.png 330w, https:\/\/blog.lanieri.com\/wp-content\/uploads\/2023\/02\/box2.png 1200w\" sizes=\"(max-width: 697px) 100vw, 697px\" \/><\/a><\/p>\n\n\n\n<p><span data-contrast=\"none\">La creativit\u00e0, per Lanificio Subalpino, \u00e8 un lusso da indossare ogni giorno.\u00a0<\/span><span data-ccp-props=\"{&quot;201341983&quot;:0,&quot;335551550&quot;:6,&quot;335551620&quot;:6,&quot;335559740&quot;:312}\">\u00a0<\/span><\/p>\n<p><span data-contrast=\"none\">Proprio per questo motivo all\u2019interno della selezione Lanieri troverete un\u2019ampia variet\u00e0 di tessuti del lanificio declinati sia in fibre nobili come lo yak e mix innovativi come quello contenente canapa e lino. Tra le armature inoltre sono disponibili i tessuti in tela e saia oltre che i seersucker, vero e proprio punto di forza in cui il Lanificio Subalpino si distingue in quanto ad expertise.<\/span><span data-ccp-props=\"{&quot;201341983&quot;:0,&quot;335551550&quot;:6,&quot;335551620&quot;:6,&quot;335559740&quot;:312}\">\u00a0<\/span><\/p>\n<h6 style=\"text-align: center;\"><a href=\"https:\/\/blog.lanieri.com\/wp-content\/uploads\/2023\/02\/box3.png\" target=\"_blank\" rel=\"noopener\"><img decoding=\"async\" loading=\"lazy\" class=\"wp-image-15400 size-large aligncenter\" src=\"https:\/\/blog.lanieri.com\/wp-content\/uploads\/2023\/02\/box3-1024x680.png\" alt=\"\" width=\"697\" height=\"463\" srcset=\"https:\/\/blog.lanieri.com\/wp-content\/uploads\/2023\/02\/box3-1024x680.png 1024w, https:\/\/blog.lanieri.com\/wp-content\/uploads\/2023\/02\/box3-300x199.png 300w, https:\/\/blog.lanieri.com\/wp-content\/uploads\/2023\/02\/box3-768x510.png 768w, https:\/\/blog.lanieri.com\/wp-content\/uploads\/2023\/02\/box3-330x220.png 330w, https:\/\/blog.lanieri.com\/wp-content\/uploads\/2023\/02\/box3.png 1200w\" sizes=\"(max-width: 697px) 100vw, 697px\" \/><\/a><span class=\"TextRun Underlined SCXW212537315 BCX0\" lang=\"IT-IT\" xml:lang=\"IT-IT\" data-contrast=\"none\"><span class=\"NormalTextRun SCXW212537315 BCX0\" data-ccp-parastyle=\"heading 1\">Pantalone Beige in Twill di Yak<\/span><\/span><span class=\"EOP SCXW212537315 BCX0\" data-ccp-props=\"{&quot;134245418&quot;:true,&quot;335551550&quot;:2,&quot;335551620&quot;:2,&quot;335559738&quot;:240,&quot;335559739&quot;:0}\">\u00a0<br \/><br \/><\/span><\/h6>\n<p>\u00a0<\/p>\n<h2><span class=\"TextRun SCXW173257779 BCX0\" lang=\"IT-IT\" xml:lang=\"IT-IT\" data-contrast=\"none\"><span class=\"NormalTextRun SCXW173257779 BCX0\" data-ccp-parastyle=\"Corpo A\" data-ccp-parastyle-defn=\"{&quot;ObjectId&quot;:&quot;7b70766f-8b12-40ef-9be2-e3998718f315|12&quot;,&quot;ClassId&quot;:1073872969,&quot;Properties&quot;:[469775450,&quot;Corpo A&quot;,201340122,&quot;2&quot;,134233614,&quot;true&quot;,469778129,&quot;CorpoA&quot;,335572020,&quot;1&quot;,469777841,&quot;Helvetica Neue&quot;,469777842,&quot;Arial Unicode MS&quot;,469777843,&quot;Arial Unicode MS&quot;,469777844,&quot;Helvetica Neue&quot;,469769226,&quot;Helvetica Neue,Arial Unicode MS&quot;,335551500,&quot;0&quot;,268442635,&quot;22&quot;]}\">Terra e tessuti: l\u2019impegno per un futuro al plurale\u00a0\u00a0<\/span><\/span><span class=\"EOP SCXW173257779 BCX0\" data-ccp-props=\"{&quot;201341983&quot;:0,&quot;335551550&quot;:6,&quot;335551620&quot;:6,&quot;335559740&quot;:312}\">\u00a0<\/span><\/h2>\n<p><span data-contrast=\"none\">La qualit\u00e0 di Lanificio Subalpino \u00e8 protagonista in ogni fibra e lavorazione e si riflette anche nell\u2019attenzione verso le persone e il Pianeta, con scelte consapevoli a livello ambientale, a partire dall\u2019individuazione delle materie prime.<\/span><span data-ccp-props=\"{&quot;201341983&quot;:0,&quot;335551550&quot;:6,&quot;335551620&quot;:6,&quot;335559740&quot;:312}\">\u00a0<\/span><\/p>\n<p><span data-contrast=\"none\">Lo sviluppo sostenibile \u00e8 per l\u2019azienda un valore chiave, un impegno che parte dal prodotto per raggiungere tematiche globali.\u00a0<\/span><span data-ccp-props=\"{&quot;201341983&quot;:0,&quot;335551550&quot;:6,&quot;335551620&quot;:6,&quot;335559740&quot;:312}\">\u00a0<\/span><\/p>\n<p><span data-contrast=\"none\">Tra le attivit\u00e0 intraprese dal lanificio per supportare una transizione green vi sono le collezioni che enfatizzano il potenziale della fibra (yak, lana, alpaca, ma anche cotone, lino e canapa) nelle loro tonalit\u00e0 naturali, senza l\u2019impiego di coloranti, e quelle concentrate sulle fibre naturali rigenerate: scarti nobili della filatura pettinata extrafine, gi\u00e0 tinti in tops, sviluppati in un morbido filo cardato.<\/span><span data-ccp-props=\"{&quot;201341983&quot;:0,&quot;335551550&quot;:6,&quot;335551620&quot;:6,&quot;335559740&quot;:312}\">\u00a0<\/span><\/p>\n<p><span data-contrast=\"none\">Stagione dopo stagione, l\u2019azienda si impegna per migliorare in ottica di uno sviluppo sostenibile a tutto tondo, per esprimere una produzione che lasci il segno, ma non un\u2019impronta sull\u2019ambiente.<\/span><span data-ccp-props=\"{&quot;201341983&quot;:0,&quot;335551550&quot;:6,&quot;335551620&quot;:6,&quot;335559740&quot;:312}\">\u00a0<\/span><\/p>\n<p><span data-contrast=\"none\">Se il futuro fosse un colore, Lanificio Subalpino lo vorrebbe nella pi\u00f9 luminosa punta di verde.<\/span><\/p>\n<p>\u00a0<\/p>\n<p>\u00a0<\/p>\n","protected":false},"excerpt":{"rendered":"<p>Colore e creativit\u00e0 sono gli elementi che caratterizzano la produzione di Lanificio Subalpino, da quasi 50 anni: due valori che \u2013 come la trama e l\u2019ordito \u2013 diventano componenti intrinseci in ogni tessuto, imprescindibili nel DNA dell\u2019azienda.\u00a0<\/p>\n","protected":false},"author":1,"featured_media":15403,"comment_status":"closed","ping_status":"closed","sticky":false,"template":"","format":"standard","meta":{"footnotes":""},"categories":[867],"tags":[],"yoast_head":"<!-- This site is optimized with the Yoast SEO plugin v22.6 - https:\/\/yoast.com\/wordpress\/plugins\/seo\/ -->\n<title>Lanificio Subalpino: fantasia e qualit\u00e0, un connubio vincente\u00a0<\/title>\n<meta name=\"robots\" content=\"index, follow, max-snippet:-1, max-image-preview:large, max-video-preview:-1\" \/>\n<link rel=\"canonical\" href=\"https:\/\/blog.lanieri.com\/it\/lanificio-subalpino-fantasia-qualita\/\" \/>\n<meta property=\"og:locale\" content=\"it_IT\" \/>\n<meta property=\"og:type\" content=\"article\" \/>\n<meta property=\"og:title\" content=\"Lanificio Subalpino: fantasia e qualit\u00e0, un connubio vincente\u00a0\" \/>\n<meta property=\"og:description\" content=\"Colore e creativit\u00e0 sono gli elementi che caratterizzano la produzione di Lanificio Subalpino, da quasi 50 anni: due valori che \u2013 come la trama e l\u2019ordito \u2013 diventano componenti intrinseci in ogni tessuto, imprescindibili nel DNA dell\u2019azienda.\u00a0\" \/>\n<meta property=\"og:url\" content=\"https:\/\/blog.lanieri.com\/it\/lanificio-subalpino-fantasia-qualita\/\" \/>\n<meta property=\"og:site_name\" content=\"Lanieri BLOG\" \/>\n<meta property=\"article:publisher\" content=\"https:\/\/www.facebook.com\/LanieriOfficial\/\" \/>\n<meta property=\"article:published_time\" content=\"2023-02-08T15:54:38+00:00\" \/>\n<meta property=\"article:modified_time\" content=\"2023-02-08T15:54:40+00:00\" \/>\n<meta property=\"og:image\" content=\"https:\/\/blog.lanieri.com\/wp-content\/uploads\/2023\/02\/copertina.jpg\" \/>\n\t<meta property=\"og:image:width\" content=\"1372\" \/>\n\t<meta property=\"og:image:height\" content=\"646\" \/>\n\t<meta property=\"og:image:type\" content=\"image\/jpeg\" \/>\n<meta name=\"author\" content=\"Lanieri\" \/>\n<meta name=\"twitter:card\" content=\"summary_large_image\" \/>\n<meta name=\"twitter:creator\" content=\"@LanieriOfficial\" \/>\n<meta name=\"twitter:site\" content=\"@LanieriOfficial\" \/>\n<meta name=\"twitter:label1\" content=\"Scritto da\" \/>\n\t<meta name=\"twitter:data1\" content=\"Lanieri\" \/>\n\t<meta name=\"twitter:label2\" content=\"Tempo di lettura stimato\" \/>\n\t<meta name=\"twitter:data2\" content=\"5 minuti\" \/>\n<script type=\"application\/ld+json\" class=\"yoast-schema-graph\">{\"@context\":\"https:\/\/schema.org\",\"@graph\":[{\"@type\":\"Article\",\"@id\":\"https:\/\/blog.lanieri.com\/it\/lanificio-subalpino-fantasia-qualita\/#article\",\"isPartOf\":{\"@id\":\"https:\/\/blog.lanieri.com\/it\/lanificio-subalpino-fantasia-qualita\/\"},\"author\":{\"name\":\"Lanieri\",\"@id\":\"https:\/\/blog.lanieri.com\/it\/#\/schema\/person\/87e6d8c8328ff7542fa609e45fe7e773\"},\"headline\":\"Lanificio Subalpino: fantasia e qualit\u00e0, un connubio vincente\u00a0\",\"datePublished\":\"2023-02-08T15:54:38+00:00\",\"dateModified\":\"2023-02-08T15:54:40+00:00\",\"mainEntityOfPage\":{\"@id\":\"https:\/\/blog.lanieri.com\/it\/lanificio-subalpino-fantasia-qualita\/\"},\"wordCount\":716,\"publisher\":{\"@id\":\"https:\/\/blog.lanieri.com\/it\/#organization\"},\"image\":{\"@id\":\"https:\/\/blog.lanieri.com\/it\/lanificio-subalpino-fantasia-qualita\/#primaryimage\"},\"thumbnailUrl\":\"https:\/\/blog.lanieri.com\/wp-content\/uploads\/2023\/02\/copertina.jpg\",\"articleSection\":[\"ECCELLENZE MADE IN ITALY\"],\"inLanguage\":\"it-IT\"},{\"@type\":\"WebPage\",\"@id\":\"https:\/\/blog.lanieri.com\/it\/lanificio-subalpino-fantasia-qualita\/\",\"url\":\"https:\/\/blog.lanieri.com\/it\/lanificio-subalpino-fantasia-qualita\/\",\"name\":\"Lanificio Subalpino: fantasia e qualit\u00e0, un connubio vincente\u00a0\",\"isPartOf\":{\"@id\":\"https:\/\/blog.lanieri.com\/it\/#website\"},\"primaryImageOfPage\":{\"@id\":\"https:\/\/blog.lanieri.com\/it\/lanificio-subalpino-fantasia-qualita\/#primaryimage\"},\"image\":{\"@id\":\"https:\/\/blog.lanieri.com\/it\/lanificio-subalpino-fantasia-qualita\/#primaryimage\"},\"thumbnailUrl\":\"https:\/\/blog.lanieri.com\/wp-content\/uploads\/2023\/02\/copertina.jpg\",\"datePublished\":\"2023-02-08T15:54:38+00:00\",\"dateModified\":\"2023-02-08T15:54:40+00:00\",\"breadcrumb\":{\"@id\":\"https:\/\/blog.lanieri.com\/it\/lanificio-subalpino-fantasia-qualita\/#breadcrumb\"},\"inLanguage\":\"it-IT\",\"potentialAction\":[{\"@type\":\"ReadAction\",\"target\":[\"https:\/\/blog.lanieri.com\/it\/lanificio-subalpino-fantasia-qualita\/\"]}]},{\"@type\":\"ImageObject\",\"inLanguage\":\"it-IT\",\"@id\":\"https:\/\/blog.lanieri.com\/it\/lanificio-subalpino-fantasia-qualita\/#primaryimage\",\"url\":\"https:\/\/blog.lanieri.com\/wp-content\/uploads\/2023\/02\/copertina.jpg\",\"contentUrl\":\"https:\/\/blog.lanieri.com\/wp-content\/uploads\/2023\/02\/copertina.jpg\",\"width\":1372,\"height\":646},{\"@type\":\"BreadcrumbList\",\"@id\":\"https:\/\/blog.lanieri.com\/it\/lanificio-subalpino-fantasia-qualita\/#breadcrumb\",\"itemListElement\":[{\"@type\":\"ListItem\",\"position\":1,\"name\":\"Blog\",\"item\":\"https:\/\/blog.lanieri.com\/it\/\"},{\"@type\":\"ListItem\",\"position\":2,\"name\":\"ECCELLENZE MADE IN ITALY\",\"item\":\"https:\/\/blog.lanieri.com\/it\/category\/eccellenze-it\/\"},{\"@type\":\"ListItem\",\"position\":3,\"name\":\"Lanificio Subalpino: fantasia e qualit\u00e0, un connubio vincente\u00a0\"}]},{\"@type\":\"WebSite\",\"@id\":\"https:\/\/blog.lanieri.com\/it\/#website\",\"url\":\"https:\/\/blog.lanieri.com\/it\/\",\"name\":\"Lanieri BLOG\",\"description\":\"Scopri le nuove tendenze dell'uomo moderno: leggi i consigli e le notizie sulla moda maschile e il lifestyle italiano.\",\"publisher\":{\"@id\":\"https:\/\/blog.lanieri.com\/it\/#organization\"},\"potentialAction\":[{\"@type\":\"SearchAction\",\"target\":{\"@type\":\"EntryPoint\",\"urlTemplate\":\"https:\/\/blog.lanieri.com\/it\/?s={search_term_string}\"},\"query-input\":\"required name=search_term_string\"}],\"inLanguage\":\"it-IT\"},{\"@type\":\"Organization\",\"@id\":\"https:\/\/blog.lanieri.com\/it\/#organization\",\"name\":\"Lanieri\",\"url\":\"https:\/\/blog.lanieri.com\/it\/\",\"logo\":{\"@type\":\"ImageObject\",\"inLanguage\":\"it-IT\",\"@id\":\"https:\/\/blog.lanieri.com\/it\/#\/schema\/logo\/image\/\",\"url\":\"https:\/\/i0.wp.com\/www.lanieri.com\/blog\/wp-content\/uploads\/2019\/06\/logo-gmb.jpg?fit=1024%2C1024&ssl=1\",\"contentUrl\":\"https:\/\/i0.wp.com\/www.lanieri.com\/blog\/wp-content\/uploads\/2019\/06\/logo-gmb.jpg?fit=1024%2C1024&ssl=1\",\"width\":1024,\"height\":1024,\"caption\":\"Lanieri\"},\"image\":{\"@id\":\"https:\/\/blog.lanieri.com\/it\/#\/schema\/logo\/image\/\"},\"sameAs\":[\"https:\/\/www.facebook.com\/LanieriOfficial\/\",\"https:\/\/x.com\/LanieriOfficial\",\"https:\/\/www.instagram.com\/lanieriofficial\/\"]},{\"@type\":\"Person\",\"@id\":\"https:\/\/blog.lanieri.com\/it\/#\/schema\/person\/87e6d8c8328ff7542fa609e45fe7e773\",\"name\":\"Lanieri\",\"image\":{\"@type\":\"ImageObject\",\"inLanguage\":\"it-IT\",\"@id\":\"https:\/\/blog.lanieri.com\/it\/#\/schema\/person\/image\/\",\"url\":\"https:\/\/secure.gravatar.com\/avatar\/7975fb55a198178cbd7949984ba76fba?s=96&d=mm&r=g\",\"contentUrl\":\"https:\/\/secure.gravatar.com\/avatar\/7975fb55a198178cbd7949984ba76fba?s=96&d=mm&r=g\",\"caption\":\"Lanieri\"},\"sameAs\":[\"http:\/\/www.lanieri.com\"]}]}<\/script>\n<!-- \/ Yoast SEO plugin. -->","yoast_head_json":{"title":"Lanificio Subalpino: fantasia e qualit\u00e0, un connubio vincente\u00a0","robots":{"index":"index","follow":"follow","max-snippet":"max-snippet:-1","max-image-preview":"max-image-preview:large","max-video-preview":"max-video-preview:-1"},"canonical":"https:\/\/blog.lanieri.com\/it\/lanificio-subalpino-fantasia-qualita\/","og_locale":"it_IT","og_type":"article","og_title":"Lanificio Subalpino: fantasia e qualit\u00e0, un connubio vincente\u00a0","og_description":"Colore e creativit\u00e0 sono gli elementi che caratterizzano la produzione di Lanificio Subalpino, da quasi 50 anni: due valori che \u2013 come la trama e l\u2019ordito \u2013 diventano componenti intrinseci in ogni tessuto, imprescindibili nel DNA dell\u2019azienda.\u00a0","og_url":"https:\/\/blog.lanieri.com\/it\/lanificio-subalpino-fantasia-qualita\/","og_site_name":"Lanieri BLOG","article_publisher":"https:\/\/www.facebook.com\/LanieriOfficial\/","article_published_time":"2023-02-08T15:54:38+00:00","article_modified_time":"2023-02-08T15:54:40+00:00","og_image":[{"width":1372,"height":646,"url":"https:\/\/blog.lanieri.com\/wp-content\/uploads\/2023\/02\/copertina.jpg","type":"image\/jpeg"}],"author":"Lanieri","twitter_card":"summary_large_image","twitter_creator":"@LanieriOfficial","twitter_site":"@LanieriOfficial","twitter_misc":{"Scritto da":"Lanieri","Tempo di lettura stimato":"5 minuti"},"schema":{"@context":"https:\/\/schema.org","@graph":[{"@type":"Article","@id":"https:\/\/blog.lanieri.com\/it\/lanificio-subalpino-fantasia-qualita\/#article","isPartOf":{"@id":"https:\/\/blog.lanieri.com\/it\/lanificio-subalpino-fantasia-qualita\/"},"author":{"name":"Lanieri","@id":"https:\/\/blog.lanieri.com\/it\/#\/schema\/person\/87e6d8c8328ff7542fa609e45fe7e773"},"headline":"Lanificio Subalpino: fantasia e qualit\u00e0, un connubio vincente\u00a0","datePublished":"2023-02-08T15:54:38+00:00","dateModified":"2023-02-08T15:54:40+00:00","mainEntityOfPage":{"@id":"https:\/\/blog.lanieri.com\/it\/lanificio-subalpino-fantasia-qualita\/"},"wordCount":716,"publisher":{"@id":"https:\/\/blog.lanieri.com\/it\/#organization"},"image":{"@id":"https:\/\/blog.lanieri.com\/it\/lanificio-subalpino-fantasia-qualita\/#primaryimage"},"thumbnailUrl":"https:\/\/blog.lanieri.com\/wp-content\/uploads\/2023\/02\/copertina.jpg","articleSection":["ECCELLENZE MADE IN ITALY"],"inLanguage":"it-IT"},{"@type":"WebPage","@id":"https:\/\/blog.lanieri.com\/it\/lanificio-subalpino-fantasia-qualita\/","url":"https:\/\/blog.lanieri.com\/it\/lanificio-subalpino-fantasia-qualita\/","name":"Lanificio Subalpino: fantasia e qualit\u00e0, un connubio vincente\u00a0","isPartOf":{"@id":"https:\/\/blog.lanieri.com\/it\/#website"},"primaryImageOfPage":{"@id":"https:\/\/blog.lanieri.com\/it\/lanificio-subalpino-fantasia-qualita\/#primaryimage"},"image":{"@id":"https:\/\/blog.lanieri.com\/it\/lanificio-subalpino-fantasia-qualita\/#primaryimage"},"thumbnailUrl":"https:\/\/blog.lanieri.com\/wp-content\/uploads\/2023\/02\/copertina.jpg","datePublished":"2023-02-08T15:54:38+00:00","dateModified":"2023-02-08T15:54:40+00:00","breadcrumb":{"@id":"https:\/\/blog.lanieri.com\/it\/lanificio-subalpino-fantasia-qualita\/#breadcrumb"},"inLanguage":"it-IT","potentialAction":[{"@type":"ReadAction","target":["https:\/\/blog.lanieri.com\/it\/lanificio-subalpino-fantasia-qualita\/"]}]},{"@type":"ImageObject","inLanguage":"it-IT","@id":"https:\/\/blog.lanieri.com\/it\/lanificio-subalpino-fantasia-qualita\/#primaryimage","url":"https:\/\/blog.lanieri.com\/wp-content\/uploads\/2023\/02\/copertina.jpg","contentUrl":"https:\/\/blog.lanieri.com\/wp-content\/uploads\/2023\/02\/copertina.jpg","width":1372,"height":646},{"@type":"BreadcrumbList","@id":"https:\/\/blog.lanieri.com\/it\/lanificio-subalpino-fantasia-qualita\/#breadcrumb","itemListElement":[{"@type":"ListItem","position":1,"name":"Blog","item":"https:\/\/blog.lanieri.com\/it\/"},{"@type":"ListItem","position":2,"name":"ECCELLENZE MADE IN ITALY","item":"https:\/\/blog.lanieri.com\/it\/category\/eccellenze-it\/"},{"@type":"ListItem","position":3,"name":"Lanificio Subalpino: fantasia e qualit\u00e0, un connubio vincente\u00a0"}]},{"@type":"WebSite","@id":"https:\/\/blog.lanieri.com\/it\/#website","url":"https:\/\/blog.lanieri.com\/it\/","name":"Lanieri BLOG","description":"Scopri le nuove tendenze dell'uomo moderno: leggi i consigli e le notizie sulla moda maschile e il lifestyle italiano.","publisher":{"@id":"https:\/\/blog.lanieri.com\/it\/#organization"},"potentialAction":[{"@type":"SearchAction","target":{"@type":"EntryPoint","urlTemplate":"https:\/\/blog.lanieri.com\/it\/?s={search_term_string}"},"query-input":"required name=search_term_string"}],"inLanguage":"it-IT"},{"@type":"Organization","@id":"https:\/\/blog.lanieri.com\/it\/#organization","name":"Lanieri","url":"https:\/\/blog.lanieri.com\/it\/","logo":{"@type":"ImageObject","inLanguage":"it-IT","@id":"https:\/\/blog.lanieri.com\/it\/#\/schema\/logo\/image\/","url":"https:\/\/i0.wp.com\/www.lanieri.com\/blog\/wp-content\/uploads\/2019\/06\/logo-gmb.jpg?fit=1024%2C1024&ssl=1","contentUrl":"https:\/\/i0.wp.com\/www.lanieri.com\/blog\/wp-content\/uploads\/2019\/06\/logo-gmb.jpg?fit=1024%2C1024&ssl=1","width":1024,"height":1024,"caption":"Lanieri"},"image":{"@id":"https:\/\/blog.lanieri.com\/it\/#\/schema\/logo\/image\/"},"sameAs":["https:\/\/www.facebook.com\/LanieriOfficial\/","https:\/\/x.com\/LanieriOfficial","https:\/\/www.instagram.com\/lanieriofficial\/"]},{"@type":"Person","@id":"https:\/\/blog.lanieri.com\/it\/#\/schema\/person\/87e6d8c8328ff7542fa609e45fe7e773","name":"Lanieri","image":{"@type":"ImageObject","inLanguage":"it-IT","@id":"https:\/\/blog.lanieri.com\/it\/#\/schema\/person\/image\/","url":"https:\/\/secure.gravatar.com\/avatar\/7975fb55a198178cbd7949984ba76fba?s=96&d=mm&r=g","contentUrl":"https:\/\/secure.gravatar.com\/avatar\/7975fb55a198178cbd7949984ba76fba?s=96&d=mm&r=g","caption":"Lanieri"},"sameAs":["http:\/\/www.lanieri.com"]}]}},"_links":{"self":[{"href":"https:\/\/blog.lanieri.com\/it\/wp-json\/wp\/v2\/posts\/15393"}],"collection":[{"href":"https:\/\/blog.lanieri.com\/it\/wp-json\/wp\/v2\/posts"}],"about":[{"href":"https:\/\/blog.lanieri.com\/it\/wp-json\/wp\/v2\/types\/post"}],"author":[{"embeddable":true,"href":"https:\/\/blog.lanieri.com\/it\/wp-json\/wp\/v2\/users\/1"}],"replies":[{"embeddable":true,"href":"https:\/\/blog.lanieri.com\/it\/wp-json\/wp\/v2\/comments?post=15393"}],"version-history":[{"count":2,"href":"https:\/\/blog.lanieri.com\/it\/wp-json\/wp\/v2\/posts\/15393\/revisions"}],"predecessor-version":[{"id":15417,"href":"https:\/\/blog.lanieri.com\/it\/wp-json\/wp\/v2\/posts\/15393\/revisions\/15417"}],"wp:featuredmedia":[{"embeddable":true,"href":"https:\/\/blog.lanieri.com\/it\/wp-json\/wp\/v2\/media\/15403"}],"wp:attachment":[{"href":"https:\/\/blog.lanieri.com\/it\/wp-json\/wp\/v2\/media?parent=15393"}],"wp:term":[{"taxonomy":"category","embeddable":true,"href":"https:\/\/blog.lanieri.com\/it\/wp-json\/wp\/v2\/categories?post=15393"},{"taxonomy":"post_tag","embeddable":true,"href":"https:\/\/blog.lanieri.com\/it\/wp-json\/wp\/v2\/tags?post=15393"}],"curies":[{"name":"wp","href":"https:\/\/api.w.org\/{rel}","templated":true}]}}