{"id":15348,"date":"2022-12-21T17:20:59","date_gmt":"2022-12-21T16:20:59","guid":{"rendered":"https:\/\/lanieri.com\/blog\/?p=15348"},"modified":"2022-12-21T17:21:01","modified_gmt":"2022-12-21T16:21:01","slug":"outfit-uomo-relax-montagna","status":"publish","type":"post","link":"https:\/\/blog.lanieri.com\/it\/outfit-uomo-relax-montagna\/","title":{"rendered":"Get the look: relax in montagna"},"content":{"rendered":"\n<p><span style=\"font-weight: 400;\">Dopo il turbinio di eventi, feste e aperitivi pre Natalizi ci si pu\u00f2 finalmente concentrare su qualche giorno di vera vacanza dalla mondanit\u00e0 e scegliere una localit\u00e0 tranquilla in cui rilassarsi, magari a contatto con la natura, e rigenerare le energie lontani dallo stress quotidiano.<\/span><\/p>\n<p><span style=\"font-weight: 400;\">La montagna \u00e8 sempre un\u2019ottima soluzione, per trascorrere qualche giorno in compagnia all\u2019insegna del divertimento e della spensieratezza.<\/span><\/p>\n<p><span style=\"font-weight: 400;\">Per questo motivo abbiamo pensato di proporvi 3 look da sfoggiare in questa occasione e con cui saprete distinguervi con eleganza anche ad alta quota.<\/span><\/p>\n<p><a href=\"https:\/\/blog.lanieri.com\/wp-content\/uploads\/2022\/12\/Omi-SA.jpg\"><img decoding=\"async\" loading=\"lazy\" class=\"aligncenter wp-image-15361 size-medium\" src=\"https:\/\/blog.lanieri.com\/wp-content\/uploads\/2022\/12\/Omi-SA-300x132.jpg\" alt=\"\" width=\"300\" height=\"132\" srcset=\"https:\/\/blog.lanieri.com\/wp-content\/uploads\/2022\/12\/Omi-SA-300x132.jpg 300w, https:\/\/blog.lanieri.com\/wp-content\/uploads\/2022\/12\/Omi-SA.jpg 623w\" sizes=\"(max-width: 300px) 100vw, 300px\" \/><\/a><\/p>\n<p><span style=\"font-weight: 400;\">I consigli di stile in questo caso provengono da Bologna, pi\u00f9 precisamente dalla nostra Style Advisor Omi che, quale cultrice dell\u2019estetica e dell\u2019armonia dell\u2019insieme, intende lo stile come sublimazione dell\u2019identit\u00e0 di ognuno.<\/span><\/p>\n<p><i><span style=\"font-weight: 400;\">\u201cQuello che pi\u00f9 amo e che mi gratifica nel mio lavoro \u00e8 riuscire a trovare la soluzione pi\u00f9 adatta alle esigenze del cliente in modo tale da renderlo felice e soddisfatto a sua volta. Mi piace pensare di poter aiutare il prossimo a valorizzare la propria persona. Amo la bellezza in ogni sua sfaccettatura, e penso che ogni individuo sia unico e speciale e dunque debba essere valorizzato nel migliore dei modi!\u201d<\/span><\/i><\/p>\n<p><b>Quali sono per te i punti di partenza su cui costruire un look per la montagna?<\/b><\/p>\n<p><i><span style=\"font-weight: 400;\">Il mio consiglio per un outfit ideale che permetta di godersi al meglio le vacanze in montagna \u00e8 sicuramente di puntare alla comodit\u00e0 senza per\u00f2 rinunciare allo stile. Le possibilit\u00e0 di outfit possono essere molteplici e cambiare a seconda dell&#8217;occasione o delle tipologie di capi che ognuno predilige.<\/span><\/i><i><span style=\"font-weight: 400;\"><br><\/span><\/i><i><span style=\"font-weight: 400;\">Gli immancabili da portare con s\u00e9 per le serate di festa in montagna o le passeggiate sorseggiando vin brul\u00e8 sono sicuramente: Cappotto, Maglione o Knit Polo, Pantalone chino o Jogger in tessuti caldi e una calda sciarpa avvolgente.<\/span><\/i><\/p>\n<p><b>Partiamo con un look elegante e nel contempo pratico, cosa ci consiglieresti?<\/b><\/p>\n<p><i><span style=\"font-weight: 400;\">Il punto di partenza del look, per me, \u00e8 un vero e proprio classico dell\u2019inverno: il dolcevita beige in 100% Cashmere. Personalizzabile nel design &#8211; che pu\u00f2 essere liscio, a coste oppure con le trecce &#8211; rappresenta un must have per restare al caldo avvolti da una nuvola di morbidezza grazie alla fibra di cashmere Cariaggi.<\/span><\/i><\/p>\n<p><i><span style=\"font-weight: 400;\">Vista la scelta di un colore neutro come il beige, suggerisco di costruire un look di grande charme giocando sulle tonalit\u00e0 della terra. In questo caso, quindi, aggiungerei un pantalone chino in twill di cotone stretch marrone chiaro, pratico e caldo, ed una sciarpa marrone in 100% Cashmere rigenerato.<\/span><\/i><\/p>\n<p><i><span style=\"font-weight: 400;\">A completare il look uno splendido cappotto fantasia in Lana Stretch del lanificio Reda realizzabile su misura e nelle versioni loden, monopetto o doppiopetto. Il design Pied de poule grigio e marrone su fondo beige sar\u00e0 il tocco finale per un look invernale deciso e dallo stile ben definito che vi render\u00e0 impeccabili anche in pieno inverno.<\/span><\/i><\/p>\n<p><a href=\"https:\/\/blog.lanieri.com\/wp-content\/uploads\/2022\/12\/LOOK_1.jpg\"><img decoding=\"async\" loading=\"lazy\" class=\"wp-image-15352 size-large aligncenter\" src=\"https:\/\/blog.lanieri.com\/wp-content\/uploads\/2022\/12\/LOOK_1-1024x683.jpg\" alt=\"\" width=\"697\" height=\"465\" srcset=\"https:\/\/blog.lanieri.com\/wp-content\/uploads\/2022\/12\/LOOK_1-1024x683.jpg 1024w, https:\/\/blog.lanieri.com\/wp-content\/uploads\/2022\/12\/LOOK_1-300x200.jpg 300w, https:\/\/blog.lanieri.com\/wp-content\/uploads\/2022\/12\/LOOK_1-768x512.jpg 768w, https:\/\/blog.lanieri.com\/wp-content\/uploads\/2022\/12\/LOOK_1-330x220.jpg 330w, https:\/\/blog.lanieri.com\/wp-content\/uploads\/2022\/12\/LOOK_1.jpg 1200w\" sizes=\"(max-width: 697px) 100vw, 697px\" \/><\/a><\/p>\n<p><b>Passiamo ora ad un look caldo, ma dallo spirito casual. Cosa suggeriresti in questo caso?<\/b><\/p>\n<p><i><span style=\"font-weight: 400;\">Ai clienti che prediligono uno stile informale consiglio spesso la knit polo, ovvero la versione in lana della polo, che forse che meglio di tutti unisce eleganza e praticit\u00e0 in ambiti casual. <\/span><\/i><i><span style=\"font-weight: 400;\"><br><\/span><\/i><i><span style=\"font-weight: 400;\">La knit polo&nbsp; pu\u00f2 sostituire con efficacia anche la camicia sotto una giacca in flanella nelle occasioni pi\u00f9 informali.<\/span><\/i><\/p>\n<p><b><i><span style=\"font-weight: 400;\">In abbinamento opterei per un jogger bianco in twill di <\/span><\/i><i><span style=\"font-weight: 400;\">cotone stretch che risulta caldo e comodo oltre che molto chic.&nbsp; Infine, per completare il look consiglierei un cappotto su misura realizzato con un tessuto marrone in twill di lana del lanificio Subalpino che, grazie ad un lavaggio speciale, presenta una mano ruvida, un aspetto simile alla maglia ed \u00e8 il perfetto complemento ad un jogger ed una knit polo per essere casual, con stile.<\/span><\/i>&nbsp;<\/b><\/p>\n<p><a href=\"https:\/\/blog.lanieri.com\/wp-content\/uploads\/2022\/12\/LOOK_2.jpg\"><img decoding=\"async\" loading=\"lazy\" class=\"wp-image-15355 size-large aligncenter\" src=\"https:\/\/blog.lanieri.com\/wp-content\/uploads\/2022\/12\/LOOK_2-1024x683.jpg\" alt=\"\" width=\"697\" height=\"465\" srcset=\"https:\/\/blog.lanieri.com\/wp-content\/uploads\/2022\/12\/LOOK_2-1024x683.jpg 1024w, https:\/\/blog.lanieri.com\/wp-content\/uploads\/2022\/12\/LOOK_2-300x200.jpg 300w, https:\/\/blog.lanieri.com\/wp-content\/uploads\/2022\/12\/LOOK_2-768x512.jpg 768w, https:\/\/blog.lanieri.com\/wp-content\/uploads\/2022\/12\/LOOK_2-330x220.jpg 330w, https:\/\/blog.lanieri.com\/wp-content\/uploads\/2022\/12\/LOOK_2.jpg 1200w\" sizes=\"(max-width: 697px) 100vw, 697px\" \/><\/a><\/p>\n<p><b>Ci racconti la tua visione dell\u2019eleganza?<\/b><\/p>\n<p><i><span style=\"font-weight: 400;\">In quanto consulente d&#8217;immagine, quello che mi sento vivamente di consigliare ai miei clienti e che ripeto spesso \u00e8 di osare con i colori anche nella stagione fredda. Non solo l\u2019estate, infatti, si presta a giochi di colore o a colori vivaci. L\u2019importante \u00e8 non dimenticarsi dei nostri colori &#8216;amici&#8217; secondo l\u2019armocromia e dei contrasti vincenti che si possono adottare con la combinazione di colore della propria palette.<\/span><\/i><\/p>\n<p><b>Visto il tuo suggerimento, puoi proporci due capi che possano dare una nota di colore ai look?<\/b><\/p>\n<p><i><span style=\"font-weight: 400;\">Partendo dal maglione, suggerisco un dolcevita nella versione del verde muschio, molto bello e facile da abbinare. Si presta infatti per ravvivare un look sui toni del beige o del blu.<\/span><\/i><\/p>\n<p><i><span style=\"font-weight: 400;\">Per quanto riguarda invece il pantalone chino, vista la location, consiglierei la versione del chino in velluto giallo ocra di Pontoglio. Vivace, colorato e molto caldo grazie al potere isolante del velluto, sapr\u00e0 dare luce e colore ad ogni look e si abbina facilmente sia al verde che al blu o al grigio.<\/span><\/i><\/p>\n<p><a href=\"https:\/\/blog.lanieri.com\/wp-content\/uploads\/2022\/12\/LOOK_3.jpg\"><img decoding=\"async\" loading=\"lazy\" class=\"wp-image-15358 size-large aligncenter\" src=\"https:\/\/blog.lanieri.com\/wp-content\/uploads\/2022\/12\/LOOK_3-1024x683.jpg\" alt=\"\" width=\"697\" height=\"465\" srcset=\"https:\/\/blog.lanieri.com\/wp-content\/uploads\/2022\/12\/LOOK_3-1024x683.jpg 1024w, https:\/\/blog.lanieri.com\/wp-content\/uploads\/2022\/12\/LOOK_3-300x200.jpg 300w, https:\/\/blog.lanieri.com\/wp-content\/uploads\/2022\/12\/LOOK_3-768x512.jpg 768w, https:\/\/blog.lanieri.com\/wp-content\/uploads\/2022\/12\/LOOK_3-330x220.jpg 330w, https:\/\/blog.lanieri.com\/wp-content\/uploads\/2022\/12\/LOOK_3.jpg 1200w\" sizes=\"(max-width: 697px) 100vw, 697px\" \/><\/a><\/p>\n<p><i><span style=\"font-weight: 400;\">L\u2019ultimo consiglio fondamentale che mi sento di dare \u00e8 quello di prestare attenzione all\u2019abbinamento del giusto accessorio a completamento del look come, ad esempio, una cintura in coordinato con la scarpa, una sciarpa che possa riprendere i colori del l&#8217;outfit oppure una pochette, specialmente per l&#8217;occasione serale, per aggiungere una nota chic nel caso in cui si voglia indossare un technical blazer o una giacca in flanella!<\/span><\/i><\/p>\n\n\n\n<div style=\"height:50px\" aria-hidden=\"true\" class=\"wp-block-spacer\"><\/div>\n\n\n\n<div class=\"wp-block-buttons is-content-justification-center is-layout-flex wp-container-1 wp-block-buttons-is-layout-flex\">\n<div class=\"wp-block-button is-style-outline\"><a class=\"wp-block-button__link\" href=\"https:\/\/www.lanieri.com\/it\/abiti\" style=\"border-radius:0px\">Personalizza il tuo look per la montagna<\/a><\/div>\n<\/div>\n\n\n","protected":false},"excerpt":{"rendered":"<p>Tre look per i giorni invernali di relax per distinguersi con eleganza anche ad alta quota.<\/p>\n","protected":false},"author":1,"featured_media":15349,"comment_status":"closed","ping_status":"closed","sticky":false,"template":"","format":"standard","meta":{"footnotes":""},"categories":[440],"tags":[875,877,876],"yoast_head":"<!-- This site is optimized with the Yoast SEO plugin v22.6 - https:\/\/yoast.com\/wordpress\/plugins\/seo\/ -->\n<title>Get the look: relax in montagna<\/title>\n<meta name=\"robots\" content=\"noindex, follow\" \/>\n<meta property=\"og:locale\" content=\"it_IT\" \/>\n<meta property=\"og:type\" content=\"article\" \/>\n<meta property=\"og:title\" content=\"Get the look: relax in montagna\" \/>\n<meta property=\"og:description\" content=\"Tre look per i giorni invernali di relax per distinguersi con eleganza anche ad alta quota.\" \/>\n<meta property=\"og:url\" content=\"https:\/\/blog.lanieri.com\/it\/outfit-uomo-relax-montagna\/\" \/>\n<meta property=\"og:site_name\" content=\"Lanieri BLOG\" \/>\n<meta property=\"article:publisher\" content=\"https:\/\/www.facebook.com\/LanieriOfficial\/\" \/>\n<meta property=\"article:published_time\" content=\"2022-12-21T16:20:59+00:00\" \/>\n<meta property=\"article:modified_time\" content=\"2022-12-21T16:21:01+00:00\" \/>\n<meta property=\"og:image\" content=\"https:\/\/blog.lanieri.com\/wp-content\/uploads\/2022\/12\/GET-THE-LOOK_COPERTINA.jpg\" \/>\n\t<meta property=\"og:image:width\" content=\"1372\" \/>\n\t<meta property=\"og:image:height\" content=\"646\" \/>\n\t<meta property=\"og:image:type\" content=\"image\/jpeg\" \/>\n<meta name=\"author\" content=\"Lanieri\" \/>\n<meta name=\"twitter:card\" content=\"summary_large_image\" \/>\n<meta name=\"twitter:creator\" content=\"@LanieriOfficial\" \/>\n<meta name=\"twitter:site\" content=\"@LanieriOfficial\" \/>\n<meta name=\"twitter:label1\" content=\"Scritto da\" \/>\n\t<meta name=\"twitter:data1\" content=\"Lanieri\" \/>\n\t<meta name=\"twitter:label2\" content=\"Tempo di lettura stimato\" \/>\n\t<meta name=\"twitter:data2\" content=\"6 minuti\" \/>\n<script type=\"application\/ld+json\" class=\"yoast-schema-graph\">{\"@context\":\"https:\/\/schema.org\",\"@graph\":[{\"@type\":\"Article\",\"@id\":\"https:\/\/blog.lanieri.com\/it\/outfit-uomo-relax-montagna\/#article\",\"isPartOf\":{\"@id\":\"https:\/\/blog.lanieri.com\/it\/outfit-uomo-relax-montagna\/\"},\"author\":{\"name\":\"Lanieri\",\"@id\":\"https:\/\/blog.lanieri.com\/it\/#\/schema\/person\/87e6d8c8328ff7542fa609e45fe7e773\"},\"headline\":\"Get the look: relax in montagna\",\"datePublished\":\"2022-12-21T16:20:59+00:00\",\"dateModified\":\"2022-12-21T16:21:01+00:00\",\"mainEntityOfPage\":{\"@id\":\"https:\/\/blog.lanieri.com\/it\/outfit-uomo-relax-montagna\/\"},\"wordCount\":873,\"publisher\":{\"@id\":\"https:\/\/blog.lanieri.com\/it\/#organization\"},\"image\":{\"@id\":\"https:\/\/blog.lanieri.com\/it\/outfit-uomo-relax-montagna\/#primaryimage\"},\"thumbnailUrl\":\"https:\/\/blog.lanieri.com\/wp-content\/uploads\/2022\/12\/GET-THE-LOOK_COPERTINA.jpg\",\"keywords\":[\"casual\",\"outfit\",\"overshirt\"],\"articleSection\":[\"LIFESTYLE\"],\"inLanguage\":\"it-IT\"},{\"@type\":\"WebPage\",\"@id\":\"https:\/\/blog.lanieri.com\/it\/outfit-uomo-relax-montagna\/\",\"url\":\"https:\/\/blog.lanieri.com\/it\/outfit-uomo-relax-montagna\/\",\"name\":\"Get the look: relax in montagna\",\"isPartOf\":{\"@id\":\"https:\/\/blog.lanieri.com\/it\/#website\"},\"primaryImageOfPage\":{\"@id\":\"https:\/\/blog.lanieri.com\/it\/outfit-uomo-relax-montagna\/#primaryimage\"},\"image\":{\"@id\":\"https:\/\/blog.lanieri.com\/it\/outfit-uomo-relax-montagna\/#primaryimage\"},\"thumbnailUrl\":\"https:\/\/blog.lanieri.com\/wp-content\/uploads\/2022\/12\/GET-THE-LOOK_COPERTINA.jpg\",\"datePublished\":\"2022-12-21T16:20:59+00:00\",\"dateModified\":\"2022-12-21T16:21:01+00:00\",\"breadcrumb\":{\"@id\":\"https:\/\/blog.lanieri.com\/it\/outfit-uomo-relax-montagna\/#breadcrumb\"},\"inLanguage\":\"it-IT\",\"potentialAction\":[{\"@type\":\"ReadAction\",\"target\":[\"https:\/\/blog.lanieri.com\/it\/outfit-uomo-relax-montagna\/\"]}]},{\"@type\":\"ImageObject\",\"inLanguage\":\"it-IT\",\"@id\":\"https:\/\/blog.lanieri.com\/it\/outfit-uomo-relax-montagna\/#primaryimage\",\"url\":\"https:\/\/blog.lanieri.com\/wp-content\/uploads\/2022\/12\/GET-THE-LOOK_COPERTINA.jpg\",\"contentUrl\":\"https:\/\/blog.lanieri.com\/wp-content\/uploads\/2022\/12\/GET-THE-LOOK_COPERTINA.jpg\",\"width\":1372,\"height\":646},{\"@type\":\"BreadcrumbList\",\"@id\":\"https:\/\/blog.lanieri.com\/it\/outfit-uomo-relax-montagna\/#breadcrumb\",\"itemListElement\":[{\"@type\":\"ListItem\",\"position\":1,\"name\":\"Blog\",\"item\":\"https:\/\/blog.lanieri.com\/it\/\"},{\"@type\":\"ListItem\",\"position\":2,\"name\":\"LIFESTYLE\",\"item\":\"https:\/\/blog.lanieri.com\/it\/category\/lifestyle-it\/\"},{\"@type\":\"ListItem\",\"position\":3,\"name\":\"Get the look: relax in montagna\"}]},{\"@type\":\"WebSite\",\"@id\":\"https:\/\/blog.lanieri.com\/it\/#website\",\"url\":\"https:\/\/blog.lanieri.com\/it\/\",\"name\":\"Lanieri BLOG\",\"description\":\"Scopri le nuove tendenze dell'uomo moderno: leggi i consigli e le notizie sulla moda maschile e il lifestyle italiano.\",\"publisher\":{\"@id\":\"https:\/\/blog.lanieri.com\/it\/#organization\"},\"potentialAction\":[{\"@type\":\"SearchAction\",\"target\":{\"@type\":\"EntryPoint\",\"urlTemplate\":\"https:\/\/blog.lanieri.com\/it\/?s={search_term_string}\"},\"query-input\":\"required name=search_term_string\"}],\"inLanguage\":\"it-IT\"},{\"@type\":\"Organization\",\"@id\":\"https:\/\/blog.lanieri.com\/it\/#organization\",\"name\":\"Lanieri\",\"url\":\"https:\/\/blog.lanieri.com\/it\/\",\"logo\":{\"@type\":\"ImageObject\",\"inLanguage\":\"it-IT\",\"@id\":\"https:\/\/blog.lanieri.com\/it\/#\/schema\/logo\/image\/\",\"url\":\"https:\/\/i0.wp.com\/www.lanieri.com\/blog\/wp-content\/uploads\/2019\/06\/logo-gmb.jpg?fit=1024%2C1024&ssl=1\",\"contentUrl\":\"https:\/\/i0.wp.com\/www.lanieri.com\/blog\/wp-content\/uploads\/2019\/06\/logo-gmb.jpg?fit=1024%2C1024&ssl=1\",\"width\":1024,\"height\":1024,\"caption\":\"Lanieri\"},\"image\":{\"@id\":\"https:\/\/blog.lanieri.com\/it\/#\/schema\/logo\/image\/\"},\"sameAs\":[\"https:\/\/www.facebook.com\/LanieriOfficial\/\",\"https:\/\/x.com\/LanieriOfficial\",\"https:\/\/www.instagram.com\/lanieriofficial\/\"]},{\"@type\":\"Person\",\"@id\":\"https:\/\/blog.lanieri.com\/it\/#\/schema\/person\/87e6d8c8328ff7542fa609e45fe7e773\",\"name\":\"Lanieri\",\"image\":{\"@type\":\"ImageObject\",\"inLanguage\":\"it-IT\",\"@id\":\"https:\/\/blog.lanieri.com\/it\/#\/schema\/person\/image\/\",\"url\":\"https:\/\/secure.gravatar.com\/avatar\/7975fb55a198178cbd7949984ba76fba?s=96&d=mm&r=g\",\"contentUrl\":\"https:\/\/secure.gravatar.com\/avatar\/7975fb55a198178cbd7949984ba76fba?s=96&d=mm&r=g\",\"caption\":\"Lanieri\"},\"sameAs\":[\"http:\/\/www.lanieri.com\"]}]}<\/script>\n<!-- \/ Yoast SEO plugin. -->","yoast_head_json":{"title":"Get the look: relax in montagna","robots":{"index":"noindex","follow":"follow"},"og_locale":"it_IT","og_type":"article","og_title":"Get the look: relax in montagna","og_description":"Tre look per i giorni invernali di relax per distinguersi con eleganza anche ad alta quota.","og_url":"https:\/\/blog.lanieri.com\/it\/outfit-uomo-relax-montagna\/","og_site_name":"Lanieri BLOG","article_publisher":"https:\/\/www.facebook.com\/LanieriOfficial\/","article_published_time":"2022-12-21T16:20:59+00:00","article_modified_time":"2022-12-21T16:21:01+00:00","og_image":[{"width":1372,"height":646,"url":"https:\/\/blog.lanieri.com\/wp-content\/uploads\/2022\/12\/GET-THE-LOOK_COPERTINA.jpg","type":"image\/jpeg"}],"author":"Lanieri","twitter_card":"summary_large_image","twitter_creator":"@LanieriOfficial","twitter_site":"@LanieriOfficial","twitter_misc":{"Scritto da":"Lanieri","Tempo di lettura stimato":"6 minuti"},"schema":{"@context":"https:\/\/schema.org","@graph":[{"@type":"Article","@id":"https:\/\/blog.lanieri.com\/it\/outfit-uomo-relax-montagna\/#article","isPartOf":{"@id":"https:\/\/blog.lanieri.com\/it\/outfit-uomo-relax-montagna\/"},"author":{"name":"Lanieri","@id":"https:\/\/blog.lanieri.com\/it\/#\/schema\/person\/87e6d8c8328ff7542fa609e45fe7e773"},"headline":"Get the look: relax in montagna","datePublished":"2022-12-21T16:20:59+00:00","dateModified":"2022-12-21T16:21:01+00:00","mainEntityOfPage":{"@id":"https:\/\/blog.lanieri.com\/it\/outfit-uomo-relax-montagna\/"},"wordCount":873,"publisher":{"@id":"https:\/\/blog.lanieri.com\/it\/#organization"},"image":{"@id":"https:\/\/blog.lanieri.com\/it\/outfit-uomo-relax-montagna\/#primaryimage"},"thumbnailUrl":"https:\/\/blog.lanieri.com\/wp-content\/uploads\/2022\/12\/GET-THE-LOOK_COPERTINA.jpg","keywords":["casual","outfit","overshirt"],"articleSection":["LIFESTYLE"],"inLanguage":"it-IT"},{"@type":"WebPage","@id":"https:\/\/blog.lanieri.com\/it\/outfit-uomo-relax-montagna\/","url":"https:\/\/blog.lanieri.com\/it\/outfit-uomo-relax-montagna\/","name":"Get the look: relax in montagna","isPartOf":{"@id":"https:\/\/blog.lanieri.com\/it\/#website"},"primaryImageOfPage":{"@id":"https:\/\/blog.lanieri.com\/it\/outfit-uomo-relax-montagna\/#primaryimage"},"image":{"@id":"https:\/\/blog.lanieri.com\/it\/outfit-uomo-relax-montagna\/#primaryimage"},"thumbnailUrl":"https:\/\/blog.lanieri.com\/wp-content\/uploads\/2022\/12\/GET-THE-LOOK_COPERTINA.jpg","datePublished":"2022-12-21T16:20:59+00:00","dateModified":"2022-12-21T16:21:01+00:00","breadcrumb":{"@id":"https:\/\/blog.lanieri.com\/it\/outfit-uomo-relax-montagna\/#breadcrumb"},"inLanguage":"it-IT","potentialAction":[{"@type":"ReadAction","target":["https:\/\/blog.lanieri.com\/it\/outfit-uomo-relax-montagna\/"]}]},{"@type":"ImageObject","inLanguage":"it-IT","@id":"https:\/\/blog.lanieri.com\/it\/outfit-uomo-relax-montagna\/#primaryimage","url":"https:\/\/blog.lanieri.com\/wp-content\/uploads\/2022\/12\/GET-THE-LOOK_COPERTINA.jpg","contentUrl":"https:\/\/blog.lanieri.com\/wp-content\/uploads\/2022\/12\/GET-THE-LOOK_COPERTINA.jpg","width":1372,"height":646},{"@type":"BreadcrumbList","@id":"https:\/\/blog.lanieri.com\/it\/outfit-uomo-relax-montagna\/#breadcrumb","itemListElement":[{"@type":"ListItem","position":1,"name":"Blog","item":"https:\/\/blog.lanieri.com\/it\/"},{"@type":"ListItem","position":2,"name":"LIFESTYLE","item":"https:\/\/blog.lanieri.com\/it\/category\/lifestyle-it\/"},{"@type":"ListItem","position":3,"name":"Get the look: relax in montagna"}]},{"@type":"WebSite","@id":"https:\/\/blog.lanieri.com\/it\/#website","url":"https:\/\/blog.lanieri.com\/it\/","name":"Lanieri BLOG","description":"Scopri le nuove tendenze dell'uomo moderno: leggi i consigli e le notizie sulla moda maschile e il lifestyle italiano.","publisher":{"@id":"https:\/\/blog.lanieri.com\/it\/#organization"},"potentialAction":[{"@type":"SearchAction","target":{"@type":"EntryPoint","urlTemplate":"https:\/\/blog.lanieri.com\/it\/?s={search_term_string}"},"query-input":"required name=search_term_string"}],"inLanguage":"it-IT"},{"@type":"Organization","@id":"https:\/\/blog.lanieri.com\/it\/#organization","name":"Lanieri","url":"https:\/\/blog.lanieri.com\/it\/","logo":{"@type":"ImageObject","inLanguage":"it-IT","@id":"https:\/\/blog.lanieri.com\/it\/#\/schema\/logo\/image\/","url":"https:\/\/i0.wp.com\/www.lanieri.com\/blog\/wp-content\/uploads\/2019\/06\/logo-gmb.jpg?fit=1024%2C1024&ssl=1","contentUrl":"https:\/\/i0.wp.com\/www.lanieri.com\/blog\/wp-content\/uploads\/2019\/06\/logo-gmb.jpg?fit=1024%2C1024&ssl=1","width":1024,"height":1024,"caption":"Lanieri"},"image":{"@id":"https:\/\/blog.lanieri.com\/it\/#\/schema\/logo\/image\/"},"sameAs":["https:\/\/www.facebook.com\/LanieriOfficial\/","https:\/\/x.com\/LanieriOfficial","https:\/\/www.instagram.com\/lanieriofficial\/"]},{"@type":"Person","@id":"https:\/\/blog.lanieri.com\/it\/#\/schema\/person\/87e6d8c8328ff7542fa609e45fe7e773","name":"Lanieri","image":{"@type":"ImageObject","inLanguage":"it-IT","@id":"https:\/\/blog.lanieri.com\/it\/#\/schema\/person\/image\/","url":"https:\/\/secure.gravatar.com\/avatar\/7975fb55a198178cbd7949984ba76fba?s=96&d=mm&r=g","contentUrl":"https:\/\/secure.gravatar.com\/avatar\/7975fb55a198178cbd7949984ba76fba?s=96&d=mm&r=g","caption":"Lanieri"},"sameAs":["http:\/\/www.lanieri.com"]}]}},"_links":{"self":[{"href":"https:\/\/blog.lanieri.com\/it\/wp-json\/wp\/v2\/posts\/15348"}],"collection":[{"href":"https:\/\/blog.lanieri.com\/it\/wp-json\/wp\/v2\/posts"}],"about":[{"href":"https:\/\/blog.lanieri.com\/it\/wp-json\/wp\/v2\/types\/post"}],"author":[{"embeddable":true,"href":"https:\/\/blog.lanieri.com\/it\/wp-json\/wp\/v2\/users\/1"}],"replies":[{"embeddable":true,"href":"https:\/\/blog.lanieri.com\/it\/wp-json\/wp\/v2\/comments?post=15348"}],"version-history":[{"count":5,"href":"https:\/\/blog.lanieri.com\/it\/wp-json\/wp\/v2\/posts\/15348\/revisions"}],"predecessor-version":[{"id":15378,"href":"https:\/\/blog.lanieri.com\/it\/wp-json\/wp\/v2\/posts\/15348\/revisions\/15378"}],"wp:featuredmedia":[{"embeddable":true,"href":"https:\/\/blog.lanieri.com\/it\/wp-json\/wp\/v2\/media\/15349"}],"wp:attachment":[{"href":"https:\/\/blog.lanieri.com\/it\/wp-json\/wp\/v2\/media?parent=15348"}],"wp:term":[{"taxonomy":"category","embeddable":true,"href":"https:\/\/blog.lanieri.com\/it\/wp-json\/wp\/v2\/categories?post=15348"},{"taxonomy":"post_tag","embeddable":true,"href":"https:\/\/blog.lanieri.com\/it\/wp-json\/wp\/v2\/tags?post=15348"}],"curies":[{"name":"wp","href":"https:\/\/api.w.org\/{rel}","templated":true}]}}