{"id":5224,"date":"2019-05-28T12:17:30","date_gmt":"2019-05-28T10:17:30","guid":{"rendered":"https:\/\/lanieri.com\/blog\/?p=5224\/"},"modified":"2021-03-14T20:38:26","modified_gmt":"2021-03-14T19:38:26","slug":"garde-robe-masculine-shabiller-au-bureau-en-ete","status":"publish","type":"post","link":"https:\/\/blog.lanieri.com\/fr\/garde-robe-masculine-shabiller-au-bureau-en-ete\/","title":{"rendered":"Garde-robe masculine : s\u2019habiller au bureau en \u00e9t\u00e9 2019"},"content":{"rendered":"<p>En plein \u00e9t\u00e9, alors que tout le monde sirote du mojito et poste des photos de leurs s\u00e9jours \u00e0 la Cara\u00efbe, vous \u00eates peut-\u00eatre encore au bureau. Si c\u2019est le cas, voici <strong>quelques conseils pratiques sur ce que vous devriez porter au bureau<\/strong> pour survivre \u00e0 la canicule, la chaleur \u00e9touffante, la climatisation et r\u00e9sister \u00e0 la \u00ab tentation bermuda \u00bb dans les semaines \u00e0 venir.<\/p>\n<h2>Comment vous habiller au bureau en \u00e9t\u00e9 : 7 conseils pratiques<\/h2>\n<h3>1. Switcher sa garde-robe hiver\/\u00e9t\u00e9<\/h3>\n<p>Si votre bureau impose un dress code sp\u00e9cifique, vous pourrez peut-\u00eatre profiter de la climatisation, c\u2019est \u00e7a ? S\u2019il fait un froid de canard au bureau, cela ne signifie pas que vous devez porter le costume que vous avez port\u00e9 l\u2019automne dernier. Tout d\u2019abord, parce que vous ne serez pas \u00e0 l\u2019aise dans un costume \u00e0 chevrons de 280 g lorsque vous devez effectuer le trajet \u201cdomicile-bureau\u201d ou aller chercher \u00e0 manger. Deuxi\u00e8mement, <strong>votre v\u00eatements chauds doivent respirer, accordez-leur une pause, elle durera plus longtemps<\/strong>.<\/p>\n<h3><strong>2. V\u00e9rifiez la construction de votre veste de costume<\/strong><\/h3>\n<figure id=\"attachment_5236\" class=\"thumbnail wp-caption aligncenter\" style=\"width: 650px\"><a href=\"https:\/\/blog.lanieri.com\/wp-content\/uploads\/2017\/07\/veste-bleue-croisee.png\"><img decoding=\"async\" loading=\"lazy\" class=\"wp-image-5236 size-full\" src=\"https:\/\/blog.lanieri.com\/wp-content\/uploads\/2017\/07\/veste-bleue-croisee.png\" alt=\"veste bleue croisee\" width=\"640\" height=\"427\"><\/a><figcaption class=\"caption wp-caption-text\">Le blazer est parfait pour l\u2019\u00e9t\u00e9 : d\u00e9nu\u00e9 d\u2019\u00e9paulettes et padding, il est compl\u00e8tement d\u00e9structur\u00e9<\/figcaption><\/figure>\n<p>Votre veste de costume, c\u2019est votre pire ennemi, soyons francs. Cela ne signifie pas que vous ne devriez pas la porter et si vous est en train de l\u2019\u00f4ter, arr\u00eatez imm\u00e9diatement ! Il faut juste choisir la bonne veste de costume pour le bureau. Jetez un oeil sur vos vestes d\u2019\u00e9t\u00e9 et <strong>assurez-vous qu\u2019elles sont non-doubl\u00e9es, mieux si elles ne poss\u00e8dent pas d\u2019\u00e9paulettes<\/strong>. Si vous voulez acheter une veste de costume pour le bureau, nous vous conseillons d\u2019opter plut\u00f4t pour un blazer, avec une construction d\u00e9structur\u00e9e pour plus de confort et l\u00e9g\u00e8ret\u00e9.<\/p>\n<h3>3. Apprendre \u00e0 reconna\u00eetre les diff\u00e9rents tissus<\/h3>\n<p>Le coton et le lin sont les mati\u00e8res les meilleures \u00e0 porter en \u00e9t\u00e9 : on est d\u2019accord (et nous vous le disons toujours !). Par contre, rester au frais n\u2019est pas qu\u2019une question de fibres, c\u2019est aussi une question d\u2019armure. <strong>Vous devriez opter pour des pi\u00e8ces r\u00e9alis\u00e9es \u00e0 partir de tissus avec une armure toile<\/strong>, tel que le hopsack, qui favorise la circulation de l\u2019air. Mais qu\u2019est-ce que l\u2019armure toile ? C\u2019est l\u2019armure la plus simple, \u00e9tant donn\u00e9 que chaque fil de trame entrecroise un fil de cha\u00eene, en la rendant r\u00e9sistant.<\/p>\n<h3>4. Les v\u00eatements amples, ce ne sont pas pour vous<\/h3>\n<p>Vous avez h\u00e2te de porter des v\u00eatements amples, n\u2019est-ce pas ?&nbsp;<strong>Une pi\u00e8ce baggy peut g\u00e2cher le style de tout le monde<\/strong>. Vous devez laisser de la distance entre vos v\u00eatements et vous, comme \u00e7a la sueur peut \u00e9vaporer, mais pas plus qu\u20191 centim\u00e8tre.<\/p>\n<h3>5. Choisissez les bons accessoires<\/h3>\n<figure id=\"attachment_5237\" class=\"thumbnail wp-caption aligncenter\" style=\"width: 650px\"><a href=\"https:\/\/blog.lanieri.com\/wp-content\/uploads\/2017\/07\/veste-chemise-pochette-1.png\"><img decoding=\"async\" loading=\"lazy\" class=\"wp-image-5237 size-full\" src=\"https:\/\/blog.lanieri.com\/wp-content\/uploads\/2017\/07\/veste-chemise-pochette-1.png\" alt=\"veste chemise pochette\" width=\"640\" height=\"427\"><\/a><figcaption class=\"caption wp-caption-text\">Veste sans cravate ? N\u2019oubliez pas votre pochette de costume !<\/figcaption><\/figure>\n<p>Vous aimez les bretelles ? C\u2019est normal, par contre, elles sont id\u00e9ales pour les mois les plus froids, parce qu\u2019elles emp\u00eachent l&rsquo;\u00e9vaporation de la sueur. Pour ce qui concerne l\u2019accessoire principal de la mode masculine, la cravate, nous sommes s\u00fbrs que personne ne vous signalera pour ne pas l\u2019avoir port\u00e9e. <strong>Vous devriez par contre exhiber une pochette de costume<\/strong> !<\/p>\n<h3>6. Cherchez \u00e0 toujours porter des chaussettes (et similaires)<\/h3>\n<p>Les chaussettes sont d\u00e9sormais admises dans les lieux de travail les plus conservatifs : si la chaleur devient insupportable <strong>vous avez le droit de d\u00e9voiler un peu vos chevilles<\/strong>. Porter une paire de chaussettes invisibles vous \u00e9vitera de transpirer excessivement des pieds et de pr\u00e9venir la formation des odeurs ignobles.<\/p>\n<h3>7. Portez un maillot de corps sous votre chemise<\/h3>\n<p>Cela para\u00eet difficile \u00e0 croire, mais&nbsp;<strong>porter un maillot de corps fin sous votre chemise vous aidera \u00e0 rester au frais<\/strong>. Sa capacit\u00e9 \u00e0 absorber la transpiration permet l\u2019\u00e9limination de la sueur et pr\u00e9serve la qualit\u00e9 de vos tee-shirts au niveau de la manche.<\/p>\n<h2>La garde-robe d\u2019\u00e9t\u00e9 Made in Lanieri<\/h2>\n<p>L\u00e9g\u00e8ret\u00e9, confort et couleur : ce sont les mot-cl\u00e9s de toute tenue estivale. Le bleu et toutes ses nuances, le rouge et le beige l\u2019emportent sur les autres couleurs. Des tissus naturels, l\u00e9gers et respirants, en laine, soie ou lin, pour un look impeccable m\u00eame lors des jours les plus chauds.<\/p>\n<p>La collection Lanieri Printemps \u00c9t\u00e9 2017 est enrichie de nouvelles nuances et textures. Des lignes pures et essentielles, jamais extr\u00eames, <strong>con\u00e7ues pour les voyageurs contemporains et tous ceux qui aiment les d\u00e9tails<\/strong>.<\/p>\n<p>Des costumes en fresco, des blazers d\u00e9structur\u00e9s, des chemises en lin et, bien s\u00fbr, le solaro iconique : ce sont quelques-uns de nos incontournables pour l\u2019\u00e9t\u00e9.<\/p>\n<h3>1. Le blazer Hopsack<\/h3>\n<p><strong>D\u00e9structur\u00e9, non-doubl\u00e9, r\u00e9alis\u00e9 \u00e0 partir d\u2019un tissu natural stretch<\/strong> : il n\u2019y a rien de mieux pour lutter contre la canicule. Un blazer bleu hopsack, gr\u00e2ce \u00e0 sa texture particuli\u00e8re, est une pi\u00e8ce ultra l\u00e9g\u00e8re. Assemblez-le avec un pantalon chino cr\u00e8me ou un simple jean et essayez sa version crois\u00e9e au travail.<\/p>\n<h3>2. Le costume en lin<\/h3>\n<figure id=\"attachment_5238\" class=\"thumbnail wp-caption aligncenter\" style=\"width: 650px\"><a href=\"https:\/\/blog.lanieri.com\/wp-content\/uploads\/2017\/07\/costume-lin-chic-decontracte.png\"><img decoding=\"async\" loading=\"lazy\" class=\"wp-image-5238 size-full\" src=\"https:\/\/blog.lanieri.com\/wp-content\/uploads\/2017\/07\/costume-lin-chic-decontracte.png\" alt=\"costume lin chic decontracte\" width=\"640\" height=\"427\"><\/a><figcaption class=\"caption wp-caption-text\">Vous pouvez porter votre costume en lin avec une chemise ou un simple Tee-shirt<\/figcaption><\/figure>\n<p>C\u2019est vrai, les tissus en lin se froissent, mais cela apporte du caract\u00e8re \u00e0 votre tenue ! <strong>Ses fibres \u00e9vacuant bien l\u2019humidit\u00e9 et s\u00e9chant facilement<\/strong>, le lin permet de rester au frais lors des jours les plus chauds. \u00c7a suffit ? Un m\u00e9lange de soie en trois dimensions apporte une dimension tactile \u00e0 tout costume, un type d\u2019\u00e9l\u00e9gance informelle pour les \u00e9v\u00e9nements sp\u00e9ciaux et les mariages estivaux.<\/p>\n<h3>3. Le costume en fresco<\/h3>\n<p>Ce n\u2019est pas si compliqu\u00e9 : le fresco est <strong>une laine tr\u00e8s l\u00e9g\u00e8re qui pr\u00e9sente un poids entre 230 et 255 g<\/strong>. En plus de vous permettre de rester au frais en \u00e9t\u00e9, cet excellent tissu de costume estival, qui est disponible dans un \u00e9ventail de couleurs et motifs, est id\u00e9al pour les journ\u00e9es les plus chics !<\/p>\n<h3>4. La chemise en lin<\/h3>\n<figure id=\"attachment_5239\" class=\"thumbnail wp-caption aligncenter\" style=\"width: 650px\"><a href=\"https:\/\/blog.lanieri.com\/wp-content\/uploads\/2017\/07\/chemise-lin-raffinee-elegante.png\"><img decoding=\"async\" loading=\"lazy\" class=\"wp-image-5239 size-full\" src=\"https:\/\/blog.lanieri.com\/wp-content\/uploads\/2017\/07\/chemise-lin-raffinee-elegante.png\" alt=\"chemise lin raffinee elegante\" width=\"640\" height=\"427\"><\/a><figcaption class=\"caption wp-caption-text\">Votre chemise en lin, c\u2019est une pi\u00e8ce \u00e0 l\u2019esprit d\u00e9contract\u00e9, personnalisez-la avec un col Semi-italien<\/figcaption><\/figure>\n<p>D\u00e9contract\u00e9e mais raffin\u00e9e, <strong>la chemise en lin \u00e9voque les jours d\u2019\u00e9t\u00e9<\/strong>. Le tissu respire, absorbe l\u2019humidit\u00e9 et laisse circuler l\u2019air. Dans quelles couleurs est-elle disponible ? De bleu nuit classique \u00e0 rose p\u00e2le ou couleur denim, c\u2019est \u00e0 vous de choisir. Assemblez-le avec un pantalon \u00e9l\u00e9gant pour un look pro d\u00e9contract\u00e9 ou un pantalon chino en coton ou un pantalon en lin pour un effet texture-sur-texture.<\/p>\n<h3>5. La veste en coton<\/h3>\n<p>La veste \u00e0 deux boutons semi-doubl\u00e9e est <strong>une pi\u00e8ce estivale simple mais charmante<\/strong>. Un tissu classique et polyvalent, le coton dure toute la journ\u00e9e. Disponible dans des couleurs typiquement estivales, vous pouvez la porter d\u00e9pareill\u00e9e avec un pantalon qui pr\u00e9sente une texture diff\u00e9rente dans des contextes business qui n\u2019imposent pas de tenue sp\u00e9cifique ou lors de votre temps libre.<\/p>\n<h3>6. Le costume Solaro<\/h3>\n<p>Ce n\u2019est pas un costume que tout le monde peut porter, on est d\u2019accord. Toutefois, nous ne pouvons pas l\u2019exclure de notre liste d\u2019incontournables pour l\u2019\u00e9t\u00e9. Synonyme de printemps, <strong>le costume Solaro est le m\u00e9lange parfait de raffinement et \u00e9l\u00e9gance<\/strong>. Son armure particuli\u00e8re cr\u00e9e un effet chatoyant qui capture la lumi\u00e8re et en restitue plusieurs nuances. En d\u00e9pit de sa surface iris\u00e9e et brillante, presque flamboyante, ses origines militaires et la r\u00e9putation des hommes qui l\u2019ont port\u00e9e (tels que Gianni Agnelli), lui ont valu sa renomm\u00e9e de pi\u00e8ce solennelle.<\/p>\n","protected":false},"excerpt":{"rendered":"<p>Voici quelques conseils pratiques sur ce que vous devriez porter au bureau pour survivre \u00e0 la canicule, la chaleur \u00e9touffante, la climatisation et r\u00e9sister \u00e0 la \u00ab tentation bermuda \u00bb dans les semaines \u00e0 venir.<\/p>\n","protected":false},"author":1,"featured_media":5225,"comment_status":"closed","ping_status":"open","sticky":false,"template":"","format":"standard","meta":{"footnotes":""},"categories":[551,553],"tags":[],"yoast_head":"<!-- This site is optimized with the Yoast SEO plugin v22.6 - https:\/\/yoast.com\/wordpress\/plugins\/seo\/ -->\n<title>Garde-robe masculine : s\u2019habiller au bureau en \u00e9t\u00e9 2019<\/title>\n<meta name=\"robots\" content=\"index, follow, max-snippet:-1, max-image-preview:large, max-video-preview:-1\" \/>\n<link rel=\"canonical\" href=\"https:\/\/blog.lanieri.com\/fr\/garde-robe-masculine-shabiller-au-bureau-en-ete\/\" \/>\n<meta property=\"og:locale\" content=\"fr_FR\" \/>\n<meta property=\"og:type\" content=\"article\" \/>\n<meta property=\"og:title\" content=\"Garde-robe masculine : s\u2019habiller au bureau en \u00e9t\u00e9 2019\" \/>\n<meta property=\"og:description\" content=\"Voici quelques conseils pratiques sur ce que vous devriez porter au bureau pour survivre \u00e0 la canicule, la chaleur \u00e9touffante, la climatisation et r\u00e9sister \u00e0 la \u00ab tentation bermuda \u00bb dans les semaines \u00e0 venir.\" \/>\n<meta property=\"og:url\" content=\"https:\/\/blog.lanieri.com\/fr\/garde-robe-masculine-shabiller-au-bureau-en-ete\/\" \/>\n<meta property=\"og:site_name\" content=\"Lanieri BLOG\" \/>\n<meta property=\"article:publisher\" content=\"https:\/\/www.facebook.com\/LanieriOfficial\/\" \/>\n<meta property=\"article:published_time\" content=\"2019-05-28T10:17:30+00:00\" \/>\n<meta property=\"article:modified_time\" content=\"2021-03-14T19:38:26+00:00\" \/>\n<meta property=\"og:image\" content=\"https:\/\/blog.lanieri.com\/wp-content\/uploads\/2017\/07\/travail-bureau-\u00e9t\u00e9.png\" \/>\n\t<meta property=\"og:image:width\" content=\"930\" \/>\n\t<meta property=\"og:image:height\" content=\"698\" \/>\n\t<meta property=\"og:image:type\" content=\"image\/png\" \/>\n<meta name=\"author\" content=\"Lanieri\" \/>\n<meta name=\"twitter:card\" content=\"summary_large_image\" \/>\n<meta name=\"twitter:creator\" content=\"@LanieriOfficial\" \/>\n<meta name=\"twitter:site\" content=\"@LanieriOfficial\" \/>\n<meta name=\"twitter:label1\" content=\"\u00c9crit par\" \/>\n\t<meta name=\"twitter:data1\" content=\"Lanieri\" \/>\n\t<meta name=\"twitter:label2\" content=\"Dur\u00e9e de lecture estim\u00e9e\" \/>\n\t<meta name=\"twitter:data2\" content=\"7 minutes\" \/>\n<script type=\"application\/ld+json\" class=\"yoast-schema-graph\">{\"@context\":\"https:\/\/schema.org\",\"@graph\":[{\"@type\":\"Article\",\"@id\":\"https:\/\/blog.lanieri.com\/fr\/garde-robe-masculine-shabiller-au-bureau-en-ete\/#article\",\"isPartOf\":{\"@id\":\"https:\/\/blog.lanieri.com\/fr\/garde-robe-masculine-shabiller-au-bureau-en-ete\/\"},\"author\":{\"name\":\"Lanieri\",\"@id\":\"https:\/\/blog.lanieri.com\/fr\/#\/schema\/person\/87e6d8c8328ff7542fa609e45fe7e773\"},\"headline\":\"Garde-robe masculine : s\u2019habiller au bureau en \u00e9t\u00e9 2019\",\"datePublished\":\"2019-05-28T10:17:30+00:00\",\"dateModified\":\"2021-03-14T19:38:26+00:00\",\"mainEntityOfPage\":{\"@id\":\"https:\/\/blog.lanieri.com\/fr\/garde-robe-masculine-shabiller-au-bureau-en-ete\/\"},\"wordCount\":1322,\"publisher\":{\"@id\":\"https:\/\/blog.lanieri.com\/fr\/#organization\"},\"image\":{\"@id\":\"https:\/\/blog.lanieri.com\/fr\/garde-robe-masculine-shabiller-au-bureau-en-ete\/#primaryimage\"},\"thumbnailUrl\":\"https:\/\/blog.lanieri.com\/wp-content\/uploads\/2017\/07\/travail-bureau-\u00e9t\u00e9.png\",\"articleSection\":[\"GUIDE\",\"LIFESTYLE\"],\"inLanguage\":\"fr-FR\"},{\"@type\":\"WebPage\",\"@id\":\"https:\/\/blog.lanieri.com\/fr\/garde-robe-masculine-shabiller-au-bureau-en-ete\/\",\"url\":\"https:\/\/blog.lanieri.com\/fr\/garde-robe-masculine-shabiller-au-bureau-en-ete\/\",\"name\":\"Garde-robe masculine : s\u2019habiller au bureau en \u00e9t\u00e9 2019\",\"isPartOf\":{\"@id\":\"https:\/\/blog.lanieri.com\/fr\/#website\"},\"primaryImageOfPage\":{\"@id\":\"https:\/\/blog.lanieri.com\/fr\/garde-robe-masculine-shabiller-au-bureau-en-ete\/#primaryimage\"},\"image\":{\"@id\":\"https:\/\/blog.lanieri.com\/fr\/garde-robe-masculine-shabiller-au-bureau-en-ete\/#primaryimage\"},\"thumbnailUrl\":\"https:\/\/blog.lanieri.com\/wp-content\/uploads\/2017\/07\/travail-bureau-\u00e9t\u00e9.png\",\"datePublished\":\"2019-05-28T10:17:30+00:00\",\"dateModified\":\"2021-03-14T19:38:26+00:00\",\"breadcrumb\":{\"@id\":\"https:\/\/blog.lanieri.com\/fr\/garde-robe-masculine-shabiller-au-bureau-en-ete\/#breadcrumb\"},\"inLanguage\":\"fr-FR\",\"potentialAction\":[{\"@type\":\"ReadAction\",\"target\":[\"https:\/\/blog.lanieri.com\/fr\/garde-robe-masculine-shabiller-au-bureau-en-ete\/\"]}]},{\"@type\":\"ImageObject\",\"inLanguage\":\"fr-FR\",\"@id\":\"https:\/\/blog.lanieri.com\/fr\/garde-robe-masculine-shabiller-au-bureau-en-ete\/#primaryimage\",\"url\":\"https:\/\/blog.lanieri.com\/wp-content\/uploads\/2017\/07\/travail-bureau-\u00e9t\u00e9.png\",\"contentUrl\":\"https:\/\/blog.lanieri.com\/wp-content\/uploads\/2017\/07\/travail-bureau-\u00e9t\u00e9.png\",\"width\":930,\"height\":698},{\"@type\":\"BreadcrumbList\",\"@id\":\"https:\/\/blog.lanieri.com\/fr\/garde-robe-masculine-shabiller-au-bureau-en-ete\/#breadcrumb\",\"itemListElement\":[{\"@type\":\"ListItem\",\"position\":1,\"name\":\"Blog\",\"item\":\"https:\/\/blog.lanieri.com\/fr\/\"},{\"@type\":\"ListItem\",\"position\":2,\"name\":\"LIFESTYLE\",\"item\":\"https:\/\/blog.lanieri.com\/fr\/category\/lifestyle-fr\/\"},{\"@type\":\"ListItem\",\"position\":3,\"name\":\"Garde-robe masculine : s\u2019habiller au bureau en \u00e9t\u00e9 2019\"}]},{\"@type\":\"WebSite\",\"@id\":\"https:\/\/blog.lanieri.com\/fr\/#website\",\"url\":\"https:\/\/blog.lanieri.com\/fr\/\",\"name\":\"Lanieri BLOG\",\"description\":\"An italian style journal from Lanieri.com\",\"publisher\":{\"@id\":\"https:\/\/blog.lanieri.com\/fr\/#organization\"},\"potentialAction\":[{\"@type\":\"SearchAction\",\"target\":{\"@type\":\"EntryPoint\",\"urlTemplate\":\"https:\/\/blog.lanieri.com\/fr\/?s={search_term_string}\"},\"query-input\":\"required name=search_term_string\"}],\"inLanguage\":\"fr-FR\"},{\"@type\":\"Organization\",\"@id\":\"https:\/\/blog.lanieri.com\/fr\/#organization\",\"name\":\"Lanieri\",\"url\":\"https:\/\/blog.lanieri.com\/fr\/\",\"logo\":{\"@type\":\"ImageObject\",\"inLanguage\":\"fr-FR\",\"@id\":\"https:\/\/blog.lanieri.com\/fr\/#\/schema\/logo\/image\/\",\"url\":\"https:\/\/i0.wp.com\/www.lanieri.com\/blog\/wp-content\/uploads\/2019\/06\/logo-gmb.jpg?fit=1024%2C1024&ssl=1\",\"contentUrl\":\"https:\/\/i0.wp.com\/www.lanieri.com\/blog\/wp-content\/uploads\/2019\/06\/logo-gmb.jpg?fit=1024%2C1024&ssl=1\",\"width\":1024,\"height\":1024,\"caption\":\"Lanieri\"},\"image\":{\"@id\":\"https:\/\/blog.lanieri.com\/fr\/#\/schema\/logo\/image\/\"},\"sameAs\":[\"https:\/\/www.facebook.com\/LanieriOfficial\/\",\"https:\/\/x.com\/LanieriOfficial\",\"https:\/\/www.instagram.com\/lanieriofficial\/\"]},{\"@type\":\"Person\",\"@id\":\"https:\/\/blog.lanieri.com\/fr\/#\/schema\/person\/87e6d8c8328ff7542fa609e45fe7e773\",\"name\":\"Lanieri\",\"image\":{\"@type\":\"ImageObject\",\"inLanguage\":\"fr-FR\",\"@id\":\"https:\/\/blog.lanieri.com\/fr\/#\/schema\/person\/image\/\",\"url\":\"https:\/\/secure.gravatar.com\/avatar\/7975fb55a198178cbd7949984ba76fba?s=96&d=mm&r=g\",\"contentUrl\":\"https:\/\/secure.gravatar.com\/avatar\/7975fb55a198178cbd7949984ba76fba?s=96&d=mm&r=g\",\"caption\":\"Lanieri\"},\"sameAs\":[\"http:\/\/www.lanieri.com\"]}]}<\/script>\n<!-- \/ Yoast SEO plugin. -->","yoast_head_json":{"title":"Garde-robe masculine : s\u2019habiller au bureau en \u00e9t\u00e9 2019","robots":{"index":"index","follow":"follow","max-snippet":"max-snippet:-1","max-image-preview":"max-image-preview:large","max-video-preview":"max-video-preview:-1"},"canonical":"https:\/\/blog.lanieri.com\/fr\/garde-robe-masculine-shabiller-au-bureau-en-ete\/","og_locale":"fr_FR","og_type":"article","og_title":"Garde-robe masculine : s\u2019habiller au bureau en \u00e9t\u00e9 2019","og_description":"Voici quelques conseils pratiques sur ce que vous devriez porter au bureau pour survivre \u00e0 la canicule, la chaleur \u00e9touffante, la climatisation et r\u00e9sister \u00e0 la \u00ab tentation bermuda \u00bb dans les semaines \u00e0 venir.","og_url":"https:\/\/blog.lanieri.com\/fr\/garde-robe-masculine-shabiller-au-bureau-en-ete\/","og_site_name":"Lanieri BLOG","article_publisher":"https:\/\/www.facebook.com\/LanieriOfficial\/","article_published_time":"2019-05-28T10:17:30+00:00","article_modified_time":"2021-03-14T19:38:26+00:00","og_image":[{"width":930,"height":698,"url":"https:\/\/blog.lanieri.com\/wp-content\/uploads\/2017\/07\/travail-bureau-\u00e9t\u00e9.png","type":"image\/png"}],"author":"Lanieri","twitter_card":"summary_large_image","twitter_creator":"@LanieriOfficial","twitter_site":"@LanieriOfficial","twitter_misc":{"\u00c9crit par":"Lanieri","Dur\u00e9e de lecture estim\u00e9e":"7 minutes"},"schema":{"@context":"https:\/\/schema.org","@graph":[{"@type":"Article","@id":"https:\/\/blog.lanieri.com\/fr\/garde-robe-masculine-shabiller-au-bureau-en-ete\/#article","isPartOf":{"@id":"https:\/\/blog.lanieri.com\/fr\/garde-robe-masculine-shabiller-au-bureau-en-ete\/"},"author":{"name":"Lanieri","@id":"https:\/\/blog.lanieri.com\/fr\/#\/schema\/person\/87e6d8c8328ff7542fa609e45fe7e773"},"headline":"Garde-robe masculine : s\u2019habiller au bureau en \u00e9t\u00e9 2019","datePublished":"2019-05-28T10:17:30+00:00","dateModified":"2021-03-14T19:38:26+00:00","mainEntityOfPage":{"@id":"https:\/\/blog.lanieri.com\/fr\/garde-robe-masculine-shabiller-au-bureau-en-ete\/"},"wordCount":1322,"publisher":{"@id":"https:\/\/blog.lanieri.com\/fr\/#organization"},"image":{"@id":"https:\/\/blog.lanieri.com\/fr\/garde-robe-masculine-shabiller-au-bureau-en-ete\/#primaryimage"},"thumbnailUrl":"https:\/\/blog.lanieri.com\/wp-content\/uploads\/2017\/07\/travail-bureau-\u00e9t\u00e9.png","articleSection":["GUIDE","LIFESTYLE"],"inLanguage":"fr-FR"},{"@type":"WebPage","@id":"https:\/\/blog.lanieri.com\/fr\/garde-robe-masculine-shabiller-au-bureau-en-ete\/","url":"https:\/\/blog.lanieri.com\/fr\/garde-robe-masculine-shabiller-au-bureau-en-ete\/","name":"Garde-robe masculine : s\u2019habiller au bureau en \u00e9t\u00e9 2019","isPartOf":{"@id":"https:\/\/blog.lanieri.com\/fr\/#website"},"primaryImageOfPage":{"@id":"https:\/\/blog.lanieri.com\/fr\/garde-robe-masculine-shabiller-au-bureau-en-ete\/#primaryimage"},"image":{"@id":"https:\/\/blog.lanieri.com\/fr\/garde-robe-masculine-shabiller-au-bureau-en-ete\/#primaryimage"},"thumbnailUrl":"https:\/\/blog.lanieri.com\/wp-content\/uploads\/2017\/07\/travail-bureau-\u00e9t\u00e9.png","datePublished":"2019-05-28T10:17:30+00:00","dateModified":"2021-03-14T19:38:26+00:00","breadcrumb":{"@id":"https:\/\/blog.lanieri.com\/fr\/garde-robe-masculine-shabiller-au-bureau-en-ete\/#breadcrumb"},"inLanguage":"fr-FR","potentialAction":[{"@type":"ReadAction","target":["https:\/\/blog.lanieri.com\/fr\/garde-robe-masculine-shabiller-au-bureau-en-ete\/"]}]},{"@type":"ImageObject","inLanguage":"fr-FR","@id":"https:\/\/blog.lanieri.com\/fr\/garde-robe-masculine-shabiller-au-bureau-en-ete\/#primaryimage","url":"https:\/\/blog.lanieri.com\/wp-content\/uploads\/2017\/07\/travail-bureau-\u00e9t\u00e9.png","contentUrl":"https:\/\/blog.lanieri.com\/wp-content\/uploads\/2017\/07\/travail-bureau-\u00e9t\u00e9.png","width":930,"height":698},{"@type":"BreadcrumbList","@id":"https:\/\/blog.lanieri.com\/fr\/garde-robe-masculine-shabiller-au-bureau-en-ete\/#breadcrumb","itemListElement":[{"@type":"ListItem","position":1,"name":"Blog","item":"https:\/\/blog.lanieri.com\/fr\/"},{"@type":"ListItem","position":2,"name":"LIFESTYLE","item":"https:\/\/blog.lanieri.com\/fr\/category\/lifestyle-fr\/"},{"@type":"ListItem","position":3,"name":"Garde-robe masculine : s\u2019habiller au bureau en \u00e9t\u00e9 2019"}]},{"@type":"WebSite","@id":"https:\/\/blog.lanieri.com\/fr\/#website","url":"https:\/\/blog.lanieri.com\/fr\/","name":"Lanieri BLOG","description":"An italian style journal from Lanieri.com","publisher":{"@id":"https:\/\/blog.lanieri.com\/fr\/#organization"},"potentialAction":[{"@type":"SearchAction","target":{"@type":"EntryPoint","urlTemplate":"https:\/\/blog.lanieri.com\/fr\/?s={search_term_string}"},"query-input":"required name=search_term_string"}],"inLanguage":"fr-FR"},{"@type":"Organization","@id":"https:\/\/blog.lanieri.com\/fr\/#organization","name":"Lanieri","url":"https:\/\/blog.lanieri.com\/fr\/","logo":{"@type":"ImageObject","inLanguage":"fr-FR","@id":"https:\/\/blog.lanieri.com\/fr\/#\/schema\/logo\/image\/","url":"https:\/\/i0.wp.com\/www.lanieri.com\/blog\/wp-content\/uploads\/2019\/06\/logo-gmb.jpg?fit=1024%2C1024&ssl=1","contentUrl":"https:\/\/i0.wp.com\/www.lanieri.com\/blog\/wp-content\/uploads\/2019\/06\/logo-gmb.jpg?fit=1024%2C1024&ssl=1","width":1024,"height":1024,"caption":"Lanieri"},"image":{"@id":"https:\/\/blog.lanieri.com\/fr\/#\/schema\/logo\/image\/"},"sameAs":["https:\/\/www.facebook.com\/LanieriOfficial\/","https:\/\/x.com\/LanieriOfficial","https:\/\/www.instagram.com\/lanieriofficial\/"]},{"@type":"Person","@id":"https:\/\/blog.lanieri.com\/fr\/#\/schema\/person\/87e6d8c8328ff7542fa609e45fe7e773","name":"Lanieri","image":{"@type":"ImageObject","inLanguage":"fr-FR","@id":"https:\/\/blog.lanieri.com\/fr\/#\/schema\/person\/image\/","url":"https:\/\/secure.gravatar.com\/avatar\/7975fb55a198178cbd7949984ba76fba?s=96&d=mm&r=g","contentUrl":"https:\/\/secure.gravatar.com\/avatar\/7975fb55a198178cbd7949984ba76fba?s=96&d=mm&r=g","caption":"Lanieri"},"sameAs":["http:\/\/www.lanieri.com"]}]}},"_links":{"self":[{"href":"https:\/\/blog.lanieri.com\/fr\/wp-json\/wp\/v2\/posts\/5224"}],"collection":[{"href":"https:\/\/blog.lanieri.com\/fr\/wp-json\/wp\/v2\/posts"}],"about":[{"href":"https:\/\/blog.lanieri.com\/fr\/wp-json\/wp\/v2\/types\/post"}],"author":[{"embeddable":true,"href":"https:\/\/blog.lanieri.com\/fr\/wp-json\/wp\/v2\/users\/1"}],"replies":[{"embeddable":true,"href":"https:\/\/blog.lanieri.com\/fr\/wp-json\/wp\/v2\/comments?post=5224"}],"version-history":[{"count":5,"href":"https:\/\/blog.lanieri.com\/fr\/wp-json\/wp\/v2\/posts\/5224\/revisions"}],"predecessor-version":[{"id":10929,"href":"https:\/\/blog.lanieri.com\/fr\/wp-json\/wp\/v2\/posts\/5224\/revisions\/10929"}],"wp:featuredmedia":[{"embeddable":true,"href":"https:\/\/blog.lanieri.com\/fr\/wp-json\/wp\/v2\/media\/5225"}],"wp:attachment":[{"href":"https:\/\/blog.lanieri.com\/fr\/wp-json\/wp\/v2\/media?parent=5224"}],"wp:term":[{"taxonomy":"category","embeddable":true,"href":"https:\/\/blog.lanieri.com\/fr\/wp-json\/wp\/v2\/categories?post=5224"},{"taxonomy":"post_tag","embeddable":true,"href":"https:\/\/blog.lanieri.com\/fr\/wp-json\/wp\/v2\/tags?post=5224"}],"curies":[{"name":"wp","href":"https:\/\/api.w.org\/{rel}","templated":true}]}}