{"id":13583,"date":"2021-07-08T15:26:51","date_gmt":"2021-07-08T13:26:51","guid":{"rendered":"https:\/\/lanieri.com\/blog\/?p=13583"},"modified":"2021-07-09T12:01:40","modified_gmt":"2021-07-09T10:01:40","slug":"porter-le-blanc","status":"publish","type":"post","link":"https:\/\/blog.lanieri.com\/fr\/porter-le-blanc\/","title":{"rendered":"4 fa\u00e7ons de porter le blanc en \u00e9t\u00e9"},"content":{"rendered":"\n<p>Porter du blanc peut apporter un bon nombre de dilemmes, d&rsquo;autant plus que la tendance est en train de changer et qu\u2019il y a tellement d&rsquo;options \u00e0 port\u00e9e de main. Une solution s\u00fbre? Adoptez les diff\u00e9rentes nuances &#8211; blanc cass\u00e9, beige, cr\u00e8me, \u00e9cru, ivoire &#8211; et combinez-les dans la m\u00eame tenue ou bien associez-les avec des \u00e9l\u00e9ments contrast\u00e9s pour ajouter une touche de couleur.<\/p>\n<p><!--more--><\/p>\n<div id=\"ez-toc-container\" class=\"ez-toc-v2_0_82_2 counter-hierarchy ez-toc-counter ez-toc-custom ez-toc-container-direction\">\n<div class=\"ez-toc-title-container\"><p class=\"ez-toc-title\" style=\"cursor:inherit\">Menu<\/p>\n<\/div><nav><ul class='ez-toc-list ez-toc-list-level-1 ' ><li class='ez-toc-page-1 ez-toc-heading-level-2'><a class=\"ez-toc-link ez-toc-heading-1\" href=\"https:\/\/blog.lanieri.com\/fr\/porter-le-blanc\/#le_costume_blanc\" >Le costume blanc<\/a><ul class='ez-toc-list-level-3' ><li class='ez-toc-heading-level-3'><a class=\"ez-toc-link ez-toc-heading-2\" href=\"https:\/\/blog.lanieri.com\/fr\/porter-le-blanc\/#couleurs_tissus_et_styles\" >Couleurs, tissus et styles<\/a><\/li><li class='ez-toc-page-1 ez-toc-heading-level-3'><a class=\"ez-toc-link ez-toc-heading-3\" href=\"https:\/\/blog.lanieri.com\/fr\/porter-le-blanc\/#occasions\" >Occasions<\/a><\/li><li class='ez-toc-page-1 ez-toc-heading-level-3'><a class=\"ez-toc-link ez-toc-heading-4\" href=\"https:\/\/blog.lanieri.com\/fr\/porter-le-blanc\/#comment_lassocier\" >Comment l\u2019associer?<\/a><\/li><\/ul><\/li><li class='ez-toc-page-1 ez-toc-heading-level-2'><a class=\"ez-toc-link ez-toc-heading-5\" href=\"https:\/\/blog.lanieri.com\/fr\/porter-le-blanc\/#blazer_blanc\" >Blazer blanc<\/a><ul class='ez-toc-list-level-3' ><li class='ez-toc-heading-level-3'><a class=\"ez-toc-link ez-toc-heading-6\" href=\"https:\/\/blog.lanieri.com\/fr\/porter-le-blanc\/#couleurs_tissus_et_styles-2\" >Couleurs, tissus et styles<\/a><\/li><li class='ez-toc-page-1 ez-toc-heading-level-3'><a class=\"ez-toc-link ez-toc-heading-7\" href=\"https:\/\/blog.lanieri.com\/fr\/porter-le-blanc\/#occasions-2\" >Occasions<\/a><\/li><li class='ez-toc-page-1 ez-toc-heading-level-3'><a class=\"ez-toc-link ez-toc-heading-8\" href=\"https:\/\/blog.lanieri.com\/fr\/porter-le-blanc\/#comment_lassocier-2\" >Comment l\u2019associer?<\/a><\/li><\/ul><\/li><li class='ez-toc-page-1 ez-toc-heading-level-2'><a class=\"ez-toc-link ez-toc-heading-9\" href=\"https:\/\/blog.lanieri.com\/fr\/porter-le-blanc\/#chino_blanc\" >Chino blanc<\/a><ul class='ez-toc-list-level-3' ><li class='ez-toc-heading-level-3'><a class=\"ez-toc-link ez-toc-heading-10\" href=\"https:\/\/blog.lanieri.com\/fr\/porter-le-blanc\/#couleurs_tissus_et_styles-3\" >Couleurs, tissus et styles<\/a><\/li><li class='ez-toc-page-1 ez-toc-heading-level-3'><a class=\"ez-toc-link ez-toc-heading-11\" href=\"https:\/\/blog.lanieri.com\/fr\/porter-le-blanc\/#occasions-3\" >Occasions<\/a><\/li><li class='ez-toc-page-1 ez-toc-heading-level-3'><a class=\"ez-toc-link ez-toc-heading-12\" href=\"https:\/\/blog.lanieri.com\/fr\/porter-le-blanc\/#comment_lassocier-3\" >Comment l\u2019associer?<\/a><\/li><\/ul><\/li><li class='ez-toc-page-1 ez-toc-heading-level-2'><a class=\"ez-toc-link ez-toc-heading-13\" href=\"https:\/\/blog.lanieri.com\/fr\/porter-le-blanc\/#chemise_en_lin_blanc\" >Chemise en lin blanc<\/a><ul class='ez-toc-list-level-3' ><li class='ez-toc-heading-level-3'><a class=\"ez-toc-link ez-toc-heading-14\" href=\"https:\/\/blog.lanieri.com\/fr\/porter-le-blanc\/#couleurs_tissus_et_styles-4\" >Couleurs, tissus et styles<\/a><\/li><li class='ez-toc-page-1 ez-toc-heading-level-3'><a class=\"ez-toc-link ez-toc-heading-15\" href=\"https:\/\/blog.lanieri.com\/fr\/porter-le-blanc\/#occasions-4\" >Occasions<\/a><\/li><li class='ez-toc-page-1 ez-toc-heading-level-3'><a class=\"ez-toc-link ez-toc-heading-16\" href=\"https:\/\/blog.lanieri.com\/fr\/porter-le-blanc\/#comment_lassocier-4\" >Comment l\u2019associer?<\/a><\/li><\/ul><\/li><\/ul><\/nav><\/div>\n<h2><span class=\"ez-toc-section\" id=\"le_costume_blanc\"><\/span>Le costume blanc<span class=\"ez-toc-section-end\"><\/span><\/h2>\n<p><a href=\"https:\/\/blog.lanieri.com\/wp-content\/uploads\/2018\/08\/Abito-bianco-Lanieri.jpg\"><img decoding=\"async\" loading=\"lazy\" class=\"aligncenter size-full wp-image-6915\" src=\"https:\/\/blog.lanieri.com\/wp-content\/uploads\/2018\/08\/Abito-bianco-Lanieri.jpg\" alt=\"A man wearing a white suit while grooming\" width=\"800\" height=\"1200\" \/><\/a><\/p>\n<p>L&rsquo;\u00e9t\u00e9 offre l\u2019opportunit\u00e9 de porter un <a href=\"https:\/\/www.lanieri.com\/fr\/costumes\/blanc\"><b>costume blanc<\/b><\/a> et de s&rsquo;accorder une pause avec les sempiternels costumes bleus et gris. Ma\u00eetriser le blanc n&rsquo;est pas si compliqu\u00e9 si l&rsquo;on en conna\u00eet les \u00e9l\u00e9ments cl\u00e9s, la confiance en soi en est le premier.<\/p>\n<h3><span class=\"ez-toc-section\" id=\"couleurs_tissus_et_styles\"><\/span>Couleurs, tissus et styles<span class=\"ez-toc-section-end\"><\/span><\/h3>\n<p>Le plus important ici est le type de blanc que vous choisirez parmi le blanc classique, le blanc optique, le blanc cass\u00e9, l\u2019ivoire, le blanc antique&#8230; Si vous avez d\u00e9j\u00e0 en t\u00eate le type de tissu, le choix de la couleur n\u2019en sera que plus facile car toutes les nuances ne sont pas disponibles dans toutes les fibres ou ne conviennent pas. Les mati\u00e8res principales des costumes d&rsquo;\u00e9t\u00e9 sont le coton, le m\u00e9lange de laine (laine et lin ou laine et coton) et le pur lin, car elles sont plus l\u00e9g\u00e8res et plus respirantes.<\/p>\n<p>Par exemple, si vous \u00eates interess\u00e9 par un costume d&rsquo;\u00e9t\u00e9 en pur lin ou en lin m\u00e9lang\u00e9, vous devriez choisir un costume blanc cr\u00e8me ou blanc cass\u00e9, plus en ad\u00e9quation avec l\u2019esprit d\u00e9contract\u00e9 de votre v\u00eatement. Ce type de costume est plus susceptible de se froisser, un v\u00eatement blanc dans une teinte moins \u00e9clatante viendra compl\u00e9ter cette tenue spontan\u00e9e et confortable.<\/p>\n<p>L&rsquo;autre facteur essentiel pour obtenir un costume blanc parfait est de s&rsquo;assurer qu&rsquo;il est parfaitement personnalis\u00e9. Un costume blanc a quelque chose de plus qu&rsquo;un costume ordinaire et ajoute du caract\u00e8re \u00e0 votre garde-robe. Il doit avoir une coupe impeccable.<\/p>\n<p>C\u00f4t\u00e9 style, si vous voulez un costume blanc simple pour l&rsquo;\u00e9t\u00e9, choisissez-en un droit \u00e0 deux boutons, mais si vous voulez exp\u00e9rimenter et une allure l\u00e9g\u00e8rement plus dandy qui vous fera vous d\u00e9marquer, eh bien , vous pouvez \u00e9galement opter pour un costume crois\u00e9.<\/p>\n<h3><span class=\"ez-toc-section\" id=\"occasions\"><\/span>Occasions<span class=\"ez-toc-section-end\"><\/span><\/h3>\n<p>Il y a des occasions o\u00f9 un costume blanc est appropri\u00e9. Si vous avez un \u00e9v\u00e9nement estival formel comme un mariage ou m\u00eame sur la plage, un costume blanc pourrait \u00eatre le v\u00eatement id\u00e9al pour attirer l&rsquo;attention sur votre \u00e9l\u00e9gance. Les pique-niques, les croisi\u00e8res en bateau et les soir\u00e9es sont \u00e9galement d&rsquo;excellentes occasions d&rsquo;afficher un total look blanc. Au contraire, il n&rsquo;est assur\u00e9ment pas appropri\u00e9 lors d&rsquo;occasions professionnelles formelles.<\/p>\n<h3><span class=\"ez-toc-section\" id=\"comment_lassocier\"><\/span>Comment l\u2019associer?<span class=\"ez-toc-section-end\"><\/span><\/h3>\n<p>Un costume blanc associ\u00e9 \u00e0 des accessoires en ton-sur-ton peut ne pas toujours fonctionner, nous vous recommandons d&rsquo;envisager des couleurs neutres plus claires (beige, pierre, marron clair&#8230;) ou des tons pastels pour la pochette, la cravate, la ceinture et les chaussures. Si vous voulez vous d\u00e9marquer, vous pouvez \u00e9galement opter pour des couleurs et des motifs contrast\u00e9s comme le rouge, le bleu ou le vert.<\/p>\n<p>Quant \u00e0 la chemise, si vous voulez que tout le costume soit blanc &#8211; chemise, gilet, veste et pantalon &#8211; gardez \u00e0 l&rsquo;esprit que cela cr\u00e9era un look \u00ab\u00a0puissant\u00a0\u00bb. Si vous portez un costume en lin blanc sur la plage, vous pouvez opter pour une chemise en lin l\u00e9ger, sinon, pour les \u00e9v\u00e9nements d\u00e9contract\u00e9s\/formels, il est important de casser cette dynamique du totalement blanc.<\/p>\n<p>Plut\u00f4t que de porter une chemise blanche, choisissez une couleur plus fonc\u00e9e ou pastel, comme le bleu clair, le bleu, le beige, le kaki et les nuances de rose. Mais surtout, pourquoi ne pas opter pour un <a href=\"https:\/\/www.lanieri.com\/fr\/polos\"><b>polo<\/b><\/a> en coton?<\/p>\n<p>Un costume blanc s\u2019associe \u00e0 la plupart des couleurs et des styles de chaussures, cependant, vous devrez toujours vous assurer que vos chaussures soient adapt\u00e9es au contexte. Les chaussures enti\u00e8rement blanches sont g\u00e9n\u00e9ralement un mauvais choix, car elles se fondent au costume. Une option s\u00fbre consiste \u00e0 associer des richelieus marrons, des mocassins ou des chaussures bateau classiques.<\/p>\n<p>N&rsquo;oubliez pas que votre costume peut \u00eatre <a href=\"https:\/\/blog.lanieri.com\/fr\/la-tenue-depareillee-lassembler-avec-elegance-et-style\/\"><b>d\u00e9pareill\u00e9<\/b><\/a> et que vous pouvez porter uniquement la veste ou le pantalon : deux pi\u00e8ces principales \u00e0 d\u00e9pareiller et \u00e0 assortir \u00e0 votre guise.<\/p>\n<h2><span class=\"ez-toc-section\" id=\"blazer_blanc\"><\/span>Blazer blanc<span class=\"ez-toc-section-end\"><\/span><\/h2>\n<p><a href=\"https:\/\/blog.lanieri.com\/wp-content\/uploads\/2018\/08\/Blazer-beige-Lanieri.jpg\"><img decoding=\"async\" loading=\"lazy\" class=\"aligncenter size-full wp-image-6918\" src=\"https:\/\/blog.lanieri.com\/wp-content\/uploads\/2018\/08\/Blazer-beige-Lanieri.jpg\" alt=\"A man wearing a beige blazer while sitting on a Vespa\" width=\"800\" height=\"1200\" \/><\/a><\/p>\n<p>Lorsqu\u2019il s&rsquo;agit de blazer, il y a tellement d&rsquo;options possibles, vous trouverez celle parfaite qui compl\u00e8tera votre garde-robe, et \u00e9ventuellement, \u00e0 porter tout l&rsquo;\u00e9t\u00e9.<\/p>\n<h3><span class=\"ez-toc-section\" id=\"couleurs_tissus_et_styles-2\"><\/span>Couleurs, tissus et styles<span class=\"ez-toc-section-end\"><\/span><\/h3>\n<p>Le blazer d&rsquo;\u00e9t\u00e9 parfait doit ajouter du style et de la gaiet\u00e9 \u00e0 votre tenue de tous les jours &#8211; un <a href=\"https:\/\/www.lanieri.com\/fr\/blazers\/blanc\"><b>blazer blanc<\/b><\/a> en coton, en <a href=\"https:\/\/blog.lanieri.com\/fr\/seersucker-comment-quand-et-pourquoi-vous-devriez-le-choisir\/\"><b>seersucker<\/b><\/a> ou en lin devrait faire cet effet. Porter un blazer en lin blanc traduit une certaine nonchalance d\u00e9contract\u00e9e caract\u00e9ristique de la <i>sprezzatura<\/i>. De plus, les v\u00eatements en lin sont plus polyvalents que vous ne pouvez le penser et vous aident \u00e0 cr\u00e9er des tenues d&rsquo;\u00e9t\u00e9 \u00e0 la mode.<\/p>\n<p>Les couleurs \u00e0 prendre en consid\u00e9ration pour un blazer sont : blanc cass\u00e9, cr\u00e8me voire beige ou \u00e9cru, selon le type de veste que vous aimez. Cependant, cela doit \u00eatre parfaitement adapt\u00e9 \u00e0 votre corps ; les \u00e9paules doivent tomber correctement, la longueur des manches ne doit pas d\u00e9passer l&rsquo;os du poignet et la veste doit toujours \u00eatre boutonn\u00e9e facilement. Opter pour un mod\u00e8le \u00e0 boutonnage simple \u00e0 deux boutons est une option int\u00e9ressante, car vous pouvez laisser votre blazer d\u00e9boutonn\u00e9 et vous aurez toujours l&rsquo;air \u00e9l\u00e9gant.<\/p>\n<h3><span class=\"ez-toc-section\" id=\"occasions-2\"><\/span>Occasions<span class=\"ez-toc-section-end\"><\/span><\/h3>\n<p>Selon la formalit\u00e9 de chaque occasion, un blazer blanc peut \u00eatre aussi bien adapt\u00e9 \u00e0 diff\u00e9rents contextes qu\u2019aux vacances d&rsquo;\u00e9t\u00e9. Il rehausse n&rsquo;importe quelle tenue d\u00e9contract\u00e9e et la rend chic tout en restant d\u00e9contract\u00e9.<\/p>\n<h3><span class=\"ez-toc-section\" id=\"comment_lassocier-2\"><\/span>Comment l\u2019associer?<span class=\"ez-toc-section-end\"><\/span><\/h3>\n<p>Un blazer s\u2019associe bien avec un pantalon ou un chino, \u00e0 porter avec un polo sur mesure ou une chemise \u00e9l\u00e9gante. Le seul point sur lequel vous devez \u00eatre vigilant avec un blazer blanc, c&rsquo;est qu&rsquo;il doit \u00eatre la seule pi\u00e8ce flashy de votre tenue. La meilleure solution est de l&rsquo;associer \u00e0 des couleurs douces qui viendront compl\u00e9ter le blanc.<\/p>\n<p>Le lin est id\u00e9al pour les blazers d\u00e9structur\u00e9s d\u00e9contract\u00e9s, \u00e0 associer avec un pantalon blanc d&rsquo;\u00e9t\u00e9 et une chemise en lin \u00e0 col fran\u00e7ais, des mocassins et des pochettes \u00e0 motifs pour compl\u00e9ter le tout. Les blazers et les jeans fonctionnent \u00e9galement tr\u00e8s bien et sont l\u2019association id\u00e9ale pour cr\u00e9er une tenue d\u00e9contract\u00e9e mais \u00e9l\u00e9gante.<\/p>\n<h2><span class=\"ez-toc-section\" id=\"chino_blanc\"><\/span>Chino blanc<span class=\"ez-toc-section-end\"><\/span><\/h2>\n<p><a href=\"https:\/\/blog.lanieri.com\/wp-content\/uploads\/2018\/08\/Chinos-bianchi-Lanieri.jpg\"><img decoding=\"async\" loading=\"lazy\" class=\"aligncenter size-full wp-image-6921\" src=\"https:\/\/blog.lanieri.com\/wp-content\/uploads\/2018\/08\/Chinos-bianchi-Lanieri.jpg\" alt=\"A man wearing white chinos and a blue blazer\" width=\"800\" height=\"1200\" \/><\/a><\/p>\n<p>Le chino blanc devrait \u00eatre un incontournable de la garde-robe de chaque homme. Habituellement, c\u2019est un incontournable estival pour tous les hommes. Comment les choisir? Quelles combinaisons de couleurs les plus \u00ab\u00a0s\u00fbres\u00a0\u00bb? Comment surmonter les probl\u00e8mes de s\u00e9curit\u00e9 et le meilleur moment pour les porter? Voici les r\u00e9ponses \u00e0 vos questions.<\/p>\n<h3><span class=\"ez-toc-section\" id=\"couleurs_tissus_et_styles-3\"><\/span>Couleurs, tissus et styles<span class=\"ez-toc-section-end\"><\/span><\/h3>\n<p>Les <a href=\"https:\/\/www.lanieri.com\/fr\/pantalons-chino\/blanc\"><b>chinos blancs<\/b><\/a> devraient \u00eatre dans une teinte unie classique. Si vous n&rsquo;\u00eates pas fan de l&rsquo;effet lumineux, vous pouvez toujours essayer avec un chino clair ou sable. Lors du choix du tissu de votre chino, assurez-vous qu&rsquo;il s&rsquo;agit d&rsquo;un tissu en twill de coton doux pour un maximum de confort pendant l&rsquo;\u00e9t\u00e9.<\/p>\n<p>Optez pour une coupe ajust\u00e9e avec une <a href=\"https:\/\/blog.lanieri.com\/fr\/pantalon-pour-homme-quelle-est-la-bonne-longueur\/\"><b>longueur<\/b><\/a> qui arrive juste au-dessus de vos chaussures. En somme, des chinos ni trop larges ni trop longs. Le service sur mesure vous permet de les personnaliser <a href=\"https:\/\/blog.lanieri.com\/fr\/comment-prendre-les-mesures-pour-un-costume-homme\/\"><b>en fonction de vos mesures anatomiques<\/b><\/a>.<\/p>\n<h3><span class=\"ez-toc-section\" id=\"occasions-3\"><\/span>Occasions<span class=\"ez-toc-section-end\"><\/span><\/h3>\n<p>Les <a href=\"https:\/\/blog.lanieri.com\/fr\/garde-robe-masculine-shabiller-au-bureau-en-ete\/\"><b>casual fridays au bureau<\/b><\/a>, les week-ends, les ap\u00e9ritifs, les <a href=\"https:\/\/blog.lanieri.com\/fr\/tenue-de-cocktail-homme\/\"><b>soir\u00e9es cocktails<\/b><\/a> et les rendez-vous romantiques ne sont que quelques-uns des moments typiques durant lesquels vous pouvez porter votre chino blanc. \u00c9vitez de le porter lorsque les rues sont mouill\u00e9es ou qu&rsquo;il s&rsquo;appr\u00eate \u00e0 pleuvoir. De mi-avril \u00e0 d\u00e9but octobre, ils sont incontournables.<\/p>\n<h3><span class=\"ez-toc-section\" id=\"comment_lassocier-3\"><\/span>Comment l\u2019associer?<span class=\"ez-toc-section-end\"><\/span><\/h3>\n<p>Le chino blanc peut \u00eatre consid\u00e9r\u00e9 comme le point d\u2019orgue de votre look. Vous pouvez laisser libre cours \u00e0 votre cr\u00e9ativit\u00e9 ou rester simple, en associant n&rsquo;importe quelle chemise ou t-shirt d&rsquo;\u00e9t\u00e9 pr\u00e9sent dans votre garde-robe. L\u00e2chez-vous avec des motifs \u00e0 rayures, des imprim\u00e9s, des mod\u00e8les \u00e0 effet denim ou un simple polo.<\/p>\n<p>Et pour les chaussures ? Pour une tenue plus formelle, associez-les avec des richelieus marrons. Une paire de mocassins marron clair est id\u00e9ale pour les soir\u00e9es en ville quand on veut \u00eatre d\u00e9contract\u00e9 mais pas trop, tandis que de simples chaussures bateau sont plut\u00f4t \u00e0 emporter avec soi dans la valise.<\/p>\n<h2><span class=\"ez-toc-section\" id=\"chemise_en_lin_blanc\"><\/span>Chemise en lin blanc<span class=\"ez-toc-section-end\"><\/span><\/h2>\n<p><a href=\"https:\/\/blog.lanieri.com\/wp-content\/uploads\/2018\/08\/Camicia-bianca-Lanieri.jpg\"><img decoding=\"async\" loading=\"lazy\" class=\"aligncenter size-full wp-image-6924\" src=\"https:\/\/blog.lanieri.com\/wp-content\/uploads\/2018\/08\/Camicia-bianca-Lanieri.jpg\" alt=\"A man wearing a white linen shirt and a blue jacket\" width=\"800\" height=\"1200\" \/><\/a><\/p>\n<p>L\u2019\u00e9t\u00e9 est le moment pour investir dans des chemises fra\u00eeches et respirantes. Une chemise blanche en lin est assur\u00e9ment une option pratique durant la p\u00e9riode estivale. Elle vous \u00e9vitera une chaleur excessive tout en donnant un aspect frais et d\u00e9contract\u00e9 \u00e0 votre tenue.<\/p>\n<h3><span class=\"ez-toc-section\" id=\"couleurs_tissus_et_styles-4\"><\/span>Couleurs, tissus et styles<span class=\"ez-toc-section-end\"><\/span><\/h3>\n<p>La chemise blanche en lin a un look \u00e9pur\u00e9 et l\u00e9g\u00e8rement textur\u00e9, toutes les nuances de blanc sont accept\u00e9es. Pour le choix du tissu vous pouvez opter pour un m\u00e9lange 100% lin ou coton et lin. Le style est \u00e0 exp\u00e9rimenter: en ligne vous pouvez vous amuser \u00e0 personnaliser la chemise avec un <a href=\"https:\/\/blog.lanieri.com\/fr\/a-chacun-son-col-comment-choisir-le-col-dune-chemise-sur-mesure\/\"><b>type de col<\/b><\/a> diff\u00e9rent de celui que vous avez l\u2019habitude de porter. Essayez un col cor\u00e9en ou un col club, diff\u00e9rent et pas anodin.<\/p>\n<h3><span class=\"ez-toc-section\" id=\"occasions-4\"><\/span>Occasions<span class=\"ez-toc-section-end\"><\/span><\/h3>\n<p>C&rsquo;est certainement une pi\u00e8ce d\u00e9contract\u00e9e, mais elle ajoutera toujours du caract\u00e8re \u00e0 toutes vos tenues estivales. Lors de votre vie citadine, pour les sorties entre amis ou les vacances \u00e0 la plage, une chemise en lin blanc s&rsquo;adapte bien \u00e0 tous les contextes.<\/p>\n<h3><span class=\"ez-toc-section\" id=\"comment_lassocier-4\"><\/span>Comment l\u2019associer?<span class=\"ez-toc-section-end\"><\/span><\/h3>\n<p>Portez votre chemise en lin avec un pantalon ou un chino sur mesure, cr\u00e9ant ainsi une \u00e9l\u00e9gance informelle mais sobre. Un blazer en lin, pourquoi pas avec un motif \u00e0 rayures, ou une veste en coton bleu clair seront le compl\u00e9ment id\u00e9al pour les occasions du soir.<\/p>\n","protected":false},"excerpt":{"rendered":"<p>Porter du blanc peut apporter un bon nombre de dilemmes, d&rsquo;autant plus que la tendance est en train de changer et qu\u2019il y a tellement d&rsquo;options \u00e0 port\u00e9e de main. Une solution s\u00fbre? Adoptez les diff\u00e9rentes nuances &#8211; blanc cass\u00e9, beige, cr\u00e8me, \u00e9cru, ivoire &#8211; et combinez-les dans la m\u00eame tenue ou bien associez-les avec [&hellip;]<\/p>\n","protected":false},"author":1,"featured_media":6912,"comment_status":"closed","ping_status":"open","sticky":false,"template":"","format":"standard","meta":{"footnotes":""},"categories":[553],"tags":[828],"yoast_head":"<!-- This site is optimized with the Yoast SEO plugin v22.6 - https:\/\/yoast.com\/wordpress\/plugins\/seo\/ -->\n<title>4 fa\u00e7ons de porter le blanc en \u00e9t\u00e9<\/title>\n<meta name=\"description\" content=\"Les couleurs vives et les imprim\u00e9s \u00e0 motifs ont une place d&#039;honneur dans la garde-robe estivale, mais la puissance d&#039;une approche \u00ab blanche \u00bb ne doit jamais \u00eatre sous-estim\u00e9e.\" \/>\n<meta name=\"robots\" content=\"index, follow, max-snippet:-1, max-image-preview:large, max-video-preview:-1\" \/>\n<link rel=\"canonical\" href=\"https:\/\/blog.lanieri.com\/fr\/porter-le-blanc\/\" \/>\n<meta property=\"og:locale\" content=\"fr_FR\" \/>\n<meta property=\"og:type\" content=\"article\" \/>\n<meta property=\"og:title\" content=\"4 fa\u00e7ons de porter le blanc en \u00e9t\u00e9\" \/>\n<meta property=\"og:description\" content=\"Les couleurs vives et les imprim\u00e9s \u00e0 motifs ont une place d&#039;honneur dans la garde-robe estivale, mais la puissance d&#039;une approche \u00ab blanche \u00bb ne doit jamais \u00eatre sous-estim\u00e9e.\" \/>\n<meta property=\"og:url\" content=\"https:\/\/blog.lanieri.com\/fr\/porter-le-blanc\/\" \/>\n<meta property=\"og:site_name\" content=\"Lanieri BLOG\" \/>\n<meta property=\"article:publisher\" content=\"https:\/\/www.facebook.com\/LanieriOfficial\/\" \/>\n<meta property=\"article:published_time\" content=\"2021-07-08T13:26:51+00:00\" \/>\n<meta property=\"article:modified_time\" content=\"2021-07-09T10:01:40+00:00\" \/>\n<meta property=\"og:image\" content=\"https:\/\/blog.lanieri.com\/wp-content\/uploads\/2018\/08\/4-modi-di-indossare-il-bianco-in-estate.jpg\" \/>\n\t<meta property=\"og:image:width\" content=\"696\" \/>\n\t<meta property=\"og:image:height\" content=\"412\" \/>\n\t<meta property=\"og:image:type\" content=\"image\/jpeg\" \/>\n<meta name=\"author\" content=\"Lanieri\" \/>\n<meta name=\"twitter:card\" content=\"summary_large_image\" \/>\n<meta name=\"twitter:creator\" content=\"@LanieriOfficial\" \/>\n<meta name=\"twitter:site\" content=\"@LanieriOfficial\" \/>\n<meta name=\"twitter:label1\" content=\"\u00c9crit par\" \/>\n\t<meta name=\"twitter:data1\" content=\"Lanieri\" \/>\n\t<meta name=\"twitter:label2\" content=\"Dur\u00e9e de lecture estim\u00e9e\" \/>\n\t<meta name=\"twitter:data2\" content=\"8 minutes\" \/>\n<script type=\"application\/ld+json\" class=\"yoast-schema-graph\">{\"@context\":\"https:\/\/schema.org\",\"@graph\":[{\"@type\":\"Article\",\"@id\":\"https:\/\/blog.lanieri.com\/fr\/porter-le-blanc\/#article\",\"isPartOf\":{\"@id\":\"https:\/\/blog.lanieri.com\/fr\/porter-le-blanc\/\"},\"author\":{\"name\":\"Lanieri\",\"@id\":\"https:\/\/blog.lanieri.com\/fr\/#\/schema\/person\/87e6d8c8328ff7542fa609e45fe7e773\"},\"headline\":\"4 fa\u00e7ons de porter le blanc en \u00e9t\u00e9\",\"datePublished\":\"2021-07-08T13:26:51+00:00\",\"dateModified\":\"2021-07-09T10:01:40+00:00\",\"mainEntityOfPage\":{\"@id\":\"https:\/\/blog.lanieri.com\/fr\/porter-le-blanc\/\"},\"wordCount\":1715,\"publisher\":{\"@id\":\"https:\/\/blog.lanieri.com\/fr\/#organization\"},\"image\":{\"@id\":\"https:\/\/blog.lanieri.com\/fr\/porter-le-blanc\/#primaryimage\"},\"thumbnailUrl\":\"https:\/\/blog.lanieri.com\/wp-content\/uploads\/2018\/08\/4-modi-di-indossare-il-bianco-in-estate.jpg\",\"keywords\":[\"costume\"],\"articleSection\":[\"LIFESTYLE\"],\"inLanguage\":\"fr-FR\"},{\"@type\":\"WebPage\",\"@id\":\"https:\/\/blog.lanieri.com\/fr\/porter-le-blanc\/\",\"url\":\"https:\/\/blog.lanieri.com\/fr\/porter-le-blanc\/\",\"name\":\"4 fa\u00e7ons de porter le blanc en \u00e9t\u00e9\",\"isPartOf\":{\"@id\":\"https:\/\/blog.lanieri.com\/fr\/#website\"},\"primaryImageOfPage\":{\"@id\":\"https:\/\/blog.lanieri.com\/fr\/porter-le-blanc\/#primaryimage\"},\"image\":{\"@id\":\"https:\/\/blog.lanieri.com\/fr\/porter-le-blanc\/#primaryimage\"},\"thumbnailUrl\":\"https:\/\/blog.lanieri.com\/wp-content\/uploads\/2018\/08\/4-modi-di-indossare-il-bianco-in-estate.jpg\",\"datePublished\":\"2021-07-08T13:26:51+00:00\",\"dateModified\":\"2021-07-09T10:01:40+00:00\",\"description\":\"Les couleurs vives et les imprim\u00e9s \u00e0 motifs ont une place d'honneur dans la garde-robe estivale, mais la puissance d'une approche \u00ab blanche \u00bb ne doit jamais \u00eatre sous-estim\u00e9e.\",\"breadcrumb\":{\"@id\":\"https:\/\/blog.lanieri.com\/fr\/porter-le-blanc\/#breadcrumb\"},\"inLanguage\":\"fr-FR\",\"potentialAction\":[{\"@type\":\"ReadAction\",\"target\":[\"https:\/\/blog.lanieri.com\/fr\/porter-le-blanc\/\"]}]},{\"@type\":\"ImageObject\",\"inLanguage\":\"fr-FR\",\"@id\":\"https:\/\/blog.lanieri.com\/fr\/porter-le-blanc\/#primaryimage\",\"url\":\"https:\/\/blog.lanieri.com\/wp-content\/uploads\/2018\/08\/4-modi-di-indossare-il-bianco-in-estate.jpg\",\"contentUrl\":\"https:\/\/blog.lanieri.com\/wp-content\/uploads\/2018\/08\/4-modi-di-indossare-il-bianco-in-estate.jpg\",\"width\":696,\"height\":412},{\"@type\":\"BreadcrumbList\",\"@id\":\"https:\/\/blog.lanieri.com\/fr\/porter-le-blanc\/#breadcrumb\",\"itemListElement\":[{\"@type\":\"ListItem\",\"position\":1,\"name\":\"Blog\",\"item\":\"https:\/\/blog.lanieri.com\/fr\/\"},{\"@type\":\"ListItem\",\"position\":2,\"name\":\"LIFESTYLE\",\"item\":\"https:\/\/blog.lanieri.com\/fr\/category\/lifestyle-fr\/\"},{\"@type\":\"ListItem\",\"position\":3,\"name\":\"4 fa\u00e7ons de porter le blanc en \u00e9t\u00e9\"}]},{\"@type\":\"WebSite\",\"@id\":\"https:\/\/blog.lanieri.com\/fr\/#website\",\"url\":\"https:\/\/blog.lanieri.com\/fr\/\",\"name\":\"Lanieri BLOG\",\"description\":\"An italian style journal from Lanieri.com\",\"publisher\":{\"@id\":\"https:\/\/blog.lanieri.com\/fr\/#organization\"},\"potentialAction\":[{\"@type\":\"SearchAction\",\"target\":{\"@type\":\"EntryPoint\",\"urlTemplate\":\"https:\/\/blog.lanieri.com\/fr\/?s={search_term_string}\"},\"query-input\":\"required name=search_term_string\"}],\"inLanguage\":\"fr-FR\"},{\"@type\":\"Organization\",\"@id\":\"https:\/\/blog.lanieri.com\/fr\/#organization\",\"name\":\"Lanieri\",\"url\":\"https:\/\/blog.lanieri.com\/fr\/\",\"logo\":{\"@type\":\"ImageObject\",\"inLanguage\":\"fr-FR\",\"@id\":\"https:\/\/blog.lanieri.com\/fr\/#\/schema\/logo\/image\/\",\"url\":\"https:\/\/i0.wp.com\/www.lanieri.com\/blog\/wp-content\/uploads\/2019\/06\/logo-gmb.jpg?fit=1024%2C1024&ssl=1\",\"contentUrl\":\"https:\/\/i0.wp.com\/www.lanieri.com\/blog\/wp-content\/uploads\/2019\/06\/logo-gmb.jpg?fit=1024%2C1024&ssl=1\",\"width\":1024,\"height\":1024,\"caption\":\"Lanieri\"},\"image\":{\"@id\":\"https:\/\/blog.lanieri.com\/fr\/#\/schema\/logo\/image\/\"},\"sameAs\":[\"https:\/\/www.facebook.com\/LanieriOfficial\/\",\"https:\/\/x.com\/LanieriOfficial\",\"https:\/\/www.instagram.com\/lanieriofficial\/\"]},{\"@type\":\"Person\",\"@id\":\"https:\/\/blog.lanieri.com\/fr\/#\/schema\/person\/87e6d8c8328ff7542fa609e45fe7e773\",\"name\":\"Lanieri\",\"image\":{\"@type\":\"ImageObject\",\"inLanguage\":\"fr-FR\",\"@id\":\"https:\/\/blog.lanieri.com\/fr\/#\/schema\/person\/image\/\",\"url\":\"https:\/\/secure.gravatar.com\/avatar\/7975fb55a198178cbd7949984ba76fba?s=96&d=mm&r=g\",\"contentUrl\":\"https:\/\/secure.gravatar.com\/avatar\/7975fb55a198178cbd7949984ba76fba?s=96&d=mm&r=g\",\"caption\":\"Lanieri\"},\"sameAs\":[\"http:\/\/www.lanieri.com\"]}]}<\/script>\n<!-- \/ Yoast SEO plugin. -->","yoast_head_json":{"title":"4 fa\u00e7ons de porter le blanc en \u00e9t\u00e9","description":"Les couleurs vives et les imprim\u00e9s \u00e0 motifs ont une place d'honneur dans la garde-robe estivale, mais la puissance d'une approche \u00ab blanche \u00bb ne doit jamais \u00eatre sous-estim\u00e9e.","robots":{"index":"index","follow":"follow","max-snippet":"max-snippet:-1","max-image-preview":"max-image-preview:large","max-video-preview":"max-video-preview:-1"},"canonical":"https:\/\/blog.lanieri.com\/fr\/porter-le-blanc\/","og_locale":"fr_FR","og_type":"article","og_title":"4 fa\u00e7ons de porter le blanc en \u00e9t\u00e9","og_description":"Les couleurs vives et les imprim\u00e9s \u00e0 motifs ont une place d'honneur dans la garde-robe estivale, mais la puissance d'une approche \u00ab blanche \u00bb ne doit jamais \u00eatre sous-estim\u00e9e.","og_url":"https:\/\/blog.lanieri.com\/fr\/porter-le-blanc\/","og_site_name":"Lanieri BLOG","article_publisher":"https:\/\/www.facebook.com\/LanieriOfficial\/","article_published_time":"2021-07-08T13:26:51+00:00","article_modified_time":"2021-07-09T10:01:40+00:00","og_image":[{"width":696,"height":412,"url":"https:\/\/blog.lanieri.com\/wp-content\/uploads\/2018\/08\/4-modi-di-indossare-il-bianco-in-estate.jpg","type":"image\/jpeg"}],"author":"Lanieri","twitter_card":"summary_large_image","twitter_creator":"@LanieriOfficial","twitter_site":"@LanieriOfficial","twitter_misc":{"\u00c9crit par":"Lanieri","Dur\u00e9e de lecture estim\u00e9e":"8 minutes"},"schema":{"@context":"https:\/\/schema.org","@graph":[{"@type":"Article","@id":"https:\/\/blog.lanieri.com\/fr\/porter-le-blanc\/#article","isPartOf":{"@id":"https:\/\/blog.lanieri.com\/fr\/porter-le-blanc\/"},"author":{"name":"Lanieri","@id":"https:\/\/blog.lanieri.com\/fr\/#\/schema\/person\/87e6d8c8328ff7542fa609e45fe7e773"},"headline":"4 fa\u00e7ons de porter le blanc en \u00e9t\u00e9","datePublished":"2021-07-08T13:26:51+00:00","dateModified":"2021-07-09T10:01:40+00:00","mainEntityOfPage":{"@id":"https:\/\/blog.lanieri.com\/fr\/porter-le-blanc\/"},"wordCount":1715,"publisher":{"@id":"https:\/\/blog.lanieri.com\/fr\/#organization"},"image":{"@id":"https:\/\/blog.lanieri.com\/fr\/porter-le-blanc\/#primaryimage"},"thumbnailUrl":"https:\/\/blog.lanieri.com\/wp-content\/uploads\/2018\/08\/4-modi-di-indossare-il-bianco-in-estate.jpg","keywords":["costume"],"articleSection":["LIFESTYLE"],"inLanguage":"fr-FR"},{"@type":"WebPage","@id":"https:\/\/blog.lanieri.com\/fr\/porter-le-blanc\/","url":"https:\/\/blog.lanieri.com\/fr\/porter-le-blanc\/","name":"4 fa\u00e7ons de porter le blanc en \u00e9t\u00e9","isPartOf":{"@id":"https:\/\/blog.lanieri.com\/fr\/#website"},"primaryImageOfPage":{"@id":"https:\/\/blog.lanieri.com\/fr\/porter-le-blanc\/#primaryimage"},"image":{"@id":"https:\/\/blog.lanieri.com\/fr\/porter-le-blanc\/#primaryimage"},"thumbnailUrl":"https:\/\/blog.lanieri.com\/wp-content\/uploads\/2018\/08\/4-modi-di-indossare-il-bianco-in-estate.jpg","datePublished":"2021-07-08T13:26:51+00:00","dateModified":"2021-07-09T10:01:40+00:00","description":"Les couleurs vives et les imprim\u00e9s \u00e0 motifs ont une place d'honneur dans la garde-robe estivale, mais la puissance d'une approche \u00ab blanche \u00bb ne doit jamais \u00eatre sous-estim\u00e9e.","breadcrumb":{"@id":"https:\/\/blog.lanieri.com\/fr\/porter-le-blanc\/#breadcrumb"},"inLanguage":"fr-FR","potentialAction":[{"@type":"ReadAction","target":["https:\/\/blog.lanieri.com\/fr\/porter-le-blanc\/"]}]},{"@type":"ImageObject","inLanguage":"fr-FR","@id":"https:\/\/blog.lanieri.com\/fr\/porter-le-blanc\/#primaryimage","url":"https:\/\/blog.lanieri.com\/wp-content\/uploads\/2018\/08\/4-modi-di-indossare-il-bianco-in-estate.jpg","contentUrl":"https:\/\/blog.lanieri.com\/wp-content\/uploads\/2018\/08\/4-modi-di-indossare-il-bianco-in-estate.jpg","width":696,"height":412},{"@type":"BreadcrumbList","@id":"https:\/\/blog.lanieri.com\/fr\/porter-le-blanc\/#breadcrumb","itemListElement":[{"@type":"ListItem","position":1,"name":"Blog","item":"https:\/\/blog.lanieri.com\/fr\/"},{"@type":"ListItem","position":2,"name":"LIFESTYLE","item":"https:\/\/blog.lanieri.com\/fr\/category\/lifestyle-fr\/"},{"@type":"ListItem","position":3,"name":"4 fa\u00e7ons de porter le blanc en \u00e9t\u00e9"}]},{"@type":"WebSite","@id":"https:\/\/blog.lanieri.com\/fr\/#website","url":"https:\/\/blog.lanieri.com\/fr\/","name":"Lanieri BLOG","description":"An italian style journal from Lanieri.com","publisher":{"@id":"https:\/\/blog.lanieri.com\/fr\/#organization"},"potentialAction":[{"@type":"SearchAction","target":{"@type":"EntryPoint","urlTemplate":"https:\/\/blog.lanieri.com\/fr\/?s={search_term_string}"},"query-input":"required name=search_term_string"}],"inLanguage":"fr-FR"},{"@type":"Organization","@id":"https:\/\/blog.lanieri.com\/fr\/#organization","name":"Lanieri","url":"https:\/\/blog.lanieri.com\/fr\/","logo":{"@type":"ImageObject","inLanguage":"fr-FR","@id":"https:\/\/blog.lanieri.com\/fr\/#\/schema\/logo\/image\/","url":"https:\/\/i0.wp.com\/www.lanieri.com\/blog\/wp-content\/uploads\/2019\/06\/logo-gmb.jpg?fit=1024%2C1024&ssl=1","contentUrl":"https:\/\/i0.wp.com\/www.lanieri.com\/blog\/wp-content\/uploads\/2019\/06\/logo-gmb.jpg?fit=1024%2C1024&ssl=1","width":1024,"height":1024,"caption":"Lanieri"},"image":{"@id":"https:\/\/blog.lanieri.com\/fr\/#\/schema\/logo\/image\/"},"sameAs":["https:\/\/www.facebook.com\/LanieriOfficial\/","https:\/\/x.com\/LanieriOfficial","https:\/\/www.instagram.com\/lanieriofficial\/"]},{"@type":"Person","@id":"https:\/\/blog.lanieri.com\/fr\/#\/schema\/person\/87e6d8c8328ff7542fa609e45fe7e773","name":"Lanieri","image":{"@type":"ImageObject","inLanguage":"fr-FR","@id":"https:\/\/blog.lanieri.com\/fr\/#\/schema\/person\/image\/","url":"https:\/\/secure.gravatar.com\/avatar\/7975fb55a198178cbd7949984ba76fba?s=96&d=mm&r=g","contentUrl":"https:\/\/secure.gravatar.com\/avatar\/7975fb55a198178cbd7949984ba76fba?s=96&d=mm&r=g","caption":"Lanieri"},"sameAs":["http:\/\/www.lanieri.com"]}]}},"_links":{"self":[{"href":"https:\/\/blog.lanieri.com\/fr\/wp-json\/wp\/v2\/posts\/13583"}],"collection":[{"href":"https:\/\/blog.lanieri.com\/fr\/wp-json\/wp\/v2\/posts"}],"about":[{"href":"https:\/\/blog.lanieri.com\/fr\/wp-json\/wp\/v2\/types\/post"}],"author":[{"embeddable":true,"href":"https:\/\/blog.lanieri.com\/fr\/wp-json\/wp\/v2\/users\/1"}],"replies":[{"embeddable":true,"href":"https:\/\/blog.lanieri.com\/fr\/wp-json\/wp\/v2\/comments?post=13583"}],"version-history":[{"count":3,"href":"https:\/\/blog.lanieri.com\/fr\/wp-json\/wp\/v2\/posts\/13583\/revisions"}],"predecessor-version":[{"id":13589,"href":"https:\/\/blog.lanieri.com\/fr\/wp-json\/wp\/v2\/posts\/13583\/revisions\/13589"}],"wp:featuredmedia":[{"embeddable":true,"href":"https:\/\/blog.lanieri.com\/fr\/wp-json\/wp\/v2\/media\/6912"}],"wp:attachment":[{"href":"https:\/\/blog.lanieri.com\/fr\/wp-json\/wp\/v2\/media?parent=13583"}],"wp:term":[{"taxonomy":"category","embeddable":true,"href":"https:\/\/blog.lanieri.com\/fr\/wp-json\/wp\/v2\/categories?post=13583"},{"taxonomy":"post_tag","embeddable":true,"href":"https:\/\/blog.lanieri.com\/fr\/wp-json\/wp\/v2\/tags?post=13583"}],"curies":[{"name":"wp","href":"https:\/\/api.w.org\/{rel}","templated":true}]}}